{"id":4966,"date":"2021-03-30T14:06:02","date_gmt":"2021-03-30T13:06:02","guid":{"rendered":"https:\/\/www.tarn.educagri.fr\/flamarens\/?p=4966"},"modified":"2021-03-30T14:06:35","modified_gmt":"2021-03-30T13:06:35","slug":"innovation-pedagogique","status":"publish","type":"post","link":"https:\/\/www.tarn.educagri.fr\/flamarens\/innovation-pedagogique\/","title":{"rendered":"Innovation p\u00e9dagogique"},"content":{"rendered":"\t\t<div data-elementor-type=\"wp-post\" data-elementor-id=\"4966\" class=\"elementor elementor-4966\" data-elementor-post-type=\"post\">\n\t\t\t\t\t\t<section class=\"elementor-section elementor-top-section elementor-element elementor-element-498152f elementor-section-boxed elementor-section-height-default elementor-section-height-default\" data-id=\"498152f\" data-element_type=\"section\" data-e-type=\"section\">\n\t\t\t\t\t\t<div class=\"elementor-container elementor-column-gap-default\">\n\t\t\t\t\t<div class=\"elementor-column elementor-col-100 elementor-top-column elementor-element elementor-element-8daab92\" data-id=\"8daab92\" data-element_type=\"column\" data-e-type=\"column\">\n\t\t\t<div class=\"elementor-widget-wrap elementor-element-populated\">\n\t\t\t\t\t\t<div class=\"elementor-element elementor-element-1dfe39b elementor-widget elementor-widget-heading\" data-id=\"1dfe39b\" data-element_type=\"widget\" data-e-type=\"widget\" data-widget_type=\"heading.default\">\n\t\t\t\t<div class=\"elementor-widget-container\">\n\t\t\t\t\t<h2 class=\"elementor-heading-title elementor-size-default\">Deuxi\u00e8me ann\u00e9e pour le projet L\u00e9a !<\/h2>\t\t\t\t<\/div>\n\t\t\t\t<\/div>\n\t\t\t\t\t<\/div>\n\t\t<\/div>\n\t\t\t\t\t<\/div>\n\t\t<\/section>\n\t\t\t\t<section class=\"elementor-section elementor-top-section elementor-element elementor-element-b926465 elementor-section-boxed elementor-section-height-default elementor-section-height-default\" data-id=\"b926465\" data-element_type=\"section\" data-e-type=\"section\">\n\t\t\t\t\t\t<div class=\"elementor-container elementor-column-gap-default\">\n\t\t\t\t\t<div class=\"elementor-column elementor-col-50 elementor-top-column elementor-element elementor-element-2996f31\" data-id=\"2996f31\" data-element_type=\"column\" data-e-type=\"column\">\n\t\t\t<div class=\"elementor-widget-wrap elementor-element-populated\">\n\t\t\t\t\t\t<div class=\"elementor-element elementor-element-545039a elementor-widget elementor-widget-image\" data-id=\"545039a\" data-element_type=\"widget\" data-e-type=\"widget\" data-widget_type=\"image.default\">\n\t\t\t\t<div class=\"elementor-widget-container\">\n\t\t\t\t\t\t\t\t\t\t\t\t\t\t\t<img fetchpriority=\"high\" decoding=\"async\" width=\"843\" height=\"283\" src=\"https:\/\/www.tarn.educagri.fr\/flamarens\/wp-content\/uploads\/2021\/03\/eleve-travaillant-en-groupe-salle-du-conseil-1024x344.jpg\" class=\"attachment-large size-large wp-image-4963\" alt=\"\" srcset=\"https:\/\/www.tarn.educagri.fr\/flamarens\/wp-content\/uploads\/2021\/03\/eleve-travaillant-en-groupe-salle-du-conseil-1024x344.jpg 1024w, https:\/\/www.tarn.educagri.fr\/flamarens\/wp-content\/uploads\/2021\/03\/eleve-travaillant-en-groupe-salle-du-conseil-300x101.jpg 300w, https:\/\/www.tarn.educagri.fr\/flamarens\/wp-content\/uploads\/2021\/03\/eleve-travaillant-en-groupe-salle-du-conseil-768x258.jpg 768w, https:\/\/www.tarn.educagri.fr\/flamarens\/wp-content\/uploads\/2021\/03\/eleve-travaillant-en-groupe-salle-du-conseil-1536x515.jpg 1536w, https:\/\/www.tarn.educagri.fr\/flamarens\/wp-content\/uploads\/2021\/03\/eleve-travaillant-en-groupe-salle-du-conseil.jpg 1824w\" sizes=\"(max-width: 843px) 100vw, 843px\" \/>\t\t\t\t\t\t\t\t\t\t\t\t\t\t\t<\/div>\n\t\t\t\t<\/div>\n\t\t\t\t\t<\/div>\n\t\t<\/div>\n\t\t\t\t<div class=\"elementor-column elementor-col-50 elementor-top-column elementor-element elementor-element-4d8d35b\" data-id=\"4d8d35b\" data-element_type=\"column\" data-e-type=\"column\">\n\t\t\t<div class=\"elementor-widget-wrap elementor-element-populated\">\n\t\t\t\t\t\t<div class=\"elementor-element elementor-element-cbc14f2 elementor-widget elementor-widget-text-editor\" data-id=\"cbc14f2\" data-element_type=\"widget\" data-e-type=\"widget\" data-widget_type=\"text-editor.default\">\n\t\t\t\t<div class=\"elementor-widget-container\">\n\t\t\t\t\t\t\t\t\t<p><strong>Apprendre et enseigner autrement,<\/strong> voil\u00e0 l&rsquo;objectif de ce projet. En partenariat avec l&rsquo;<strong>E<\/strong>cole<strong> N<\/strong>ationale <strong>S<\/strong>up\u00e9rieure de <strong>F<\/strong>ormation de l&rsquo;<strong>E<\/strong>nseignement <strong>A<\/strong>gricole, quatre enseignants du LPA proposent des situations d&rsquo;apprentissage diff\u00e9rentes pour aborder des sujets qui font d\u00e9bat dans la soci\u00e9t\u00e9.<\/p>\t\t\t\t\t\t\t\t<\/div>\n\t\t\t\t<\/div>\n\t\t\t\t\t<\/div>\n\t\t<\/div>\n\t\t\t\t\t<\/div>\n\t\t<\/section>\n\t\t\t\t<section class=\"elementor-section elementor-top-section elementor-element elementor-element-d7e8f97 elementor-section-boxed elementor-section-height-default elementor-section-height-default\" data-id=\"d7e8f97\" data-element_type=\"section\" data-e-type=\"section\">\n\t\t\t\t\t\t<div class=\"elementor-container elementor-column-gap-default\">\n\t\t\t\t\t<div class=\"elementor-column elementor-col-50 elementor-top-column elementor-element elementor-element-fe068d4\" data-id=\"fe068d4\" data-element_type=\"column\" data-e-type=\"column\">\n\t\t\t<div class=\"elementor-widget-wrap elementor-element-populated\">\n\t\t\t\t\t\t<div class=\"elementor-element elementor-element-e6d193e elementor-widget elementor-widget-text-editor\" data-id=\"e6d193e\" data-element_type=\"widget\" data-e-type=\"widget\" data-widget_type=\"text-editor.default\">\n\t\t\t\t<div class=\"elementor-widget-container\">\n\t\t\t\t\t\t\t\t\t<p>Cette ann\u00e9e les \u00e9l\u00e8ves de seconde travaillent sur la th\u00e9matique des traitements en agriculture.<\/p>\t\t\t\t\t\t\t\t<\/div>\n\t\t\t\t<\/div>\n\t\t\t\t\t<\/div>\n\t\t<\/div>\n\t\t\t\t<div class=\"elementor-column elementor-col-50 elementor-top-column elementor-element elementor-element-05e4345\" data-id=\"05e4345\" data-element_type=\"column\" data-e-type=\"column\">\n\t\t\t<div class=\"elementor-widget-wrap elementor-element-populated\">\n\t\t\t\t\t\t<div class=\"elementor-element elementor-element-1f3b6fc elementor-widget elementor-widget-image\" data-id=\"1f3b6fc\" data-element_type=\"widget\" data-e-type=\"widget\" data-widget_type=\"image.default\">\n\t\t\t\t<div class=\"elementor-widget-container\">\n\t\t\t\t\t\t\t\t\t\t\t\t\t\t\t<img decoding=\"async\" width=\"843\" height=\"283\" src=\"https:\/\/www.tarn.educagri.fr\/flamarens\/wp-content\/uploads\/2021\/03\/eleve-et-prof-salle-du-conseil-1024x344.jpg\" class=\"attachment-large size-large wp-image-4965\" alt=\"cours en salle du conseil\" srcset=\"https:\/\/www.tarn.educagri.fr\/flamarens\/wp-content\/uploads\/2021\/03\/eleve-et-prof-salle-du-conseil-1024x344.jpg 1024w, https:\/\/www.tarn.educagri.fr\/flamarens\/wp-content\/uploads\/2021\/03\/eleve-et-prof-salle-du-conseil-300x101.jpg 300w, https:\/\/www.tarn.educagri.fr\/flamarens\/wp-content\/uploads\/2021\/03\/eleve-et-prof-salle-du-conseil-768x258.jpg 768w, https:\/\/www.tarn.educagri.fr\/flamarens\/wp-content\/uploads\/2021\/03\/eleve-et-prof-salle-du-conseil-1536x515.jpg 1536w, https:\/\/www.tarn.educagri.fr\/flamarens\/wp-content\/uploads\/2021\/03\/eleve-et-prof-salle-du-conseil.jpg 1818w\" sizes=\"(max-width: 843px) 100vw, 843px\" \/>\t\t\t\t\t\t\t\t\t\t\t\t\t\t\t<\/div>\n\t\t\t\t<\/div>\n\t\t\t\t\t<\/div>\n\t\t<\/div>\n\t\t\t\t\t<\/div>\n\t\t<\/section>\n\t\t\t\t<\/div>\n\t\t","protected":false},"excerpt":{"rendered":"<p>Deuxi\u00e8me ann\u00e9e pour le projet L\u00e9a ! Apprendre et enseigner autrement, voil\u00e0 l&rsquo;objectif de ce projet. En partenariat avec l&rsquo;Ecole Nationale Sup\u00e9rieure de Formation de&hellip;<\/p>\n","protected":false},"author":6,"featured_media":4964,"comment_status":"closed","ping_status":"closed","sticky":false,"template":"","format":"standard","meta":{"footnotes":""},"categories":[1],"tags":[],"class_list":["post-4966","post","type-post","status-publish","format-standard","has-post-thumbnail","hentry","category-non-classe"],"yoast_head":"<!-- This site is optimized with the Yoast SEO plugin v27.3 - https:\/\/yoast.com\/product\/yoast-seo-wordpress\/ -->\n<title>Innovation p\u00e9dagogique - Lyc\u00e9e Flamarens Lavaur<\/title>\n<meta name=\"robots\" content=\"index, follow, max-snippet:-1, max-image-preview:large, max-video-preview:-1\" \/>\n<link rel=\"canonical\" href=\"https:\/\/www.tarn.educagri.fr\/flamarens\/innovation-pedagogique\/\" \/>\n<meta property=\"og:locale\" content=\"fr_FR\" \/>\n<meta property=\"og:type\" content=\"article\" \/>\n<meta property=\"og:title\" content=\"Innovation p\u00e9dagogique - Lyc\u00e9e Flamarens Lavaur\" \/>\n<meta property=\"og:description\" content=\"Deuxi\u00e8me ann\u00e9e pour le projet L\u00e9a ! Apprendre et enseigner autrement, voil\u00e0 l&rsquo;objectif de ce projet. En partenariat avec l&rsquo;Ecole Nationale Sup\u00e9rieure de Formation de&hellip;\" \/>\n<meta property=\"og:url\" content=\"https:\/\/www.tarn.educagri.fr\/flamarens\/innovation-pedagogique\/\" \/>\n<meta property=\"og:site_name\" content=\"Lyc\u00e9e Flamarens Lavaur\" \/>\n<meta property=\"article:published_time\" content=\"2021-03-30T13:06:02+00:00\" \/>\n<meta property=\"article:modified_time\" content=\"2021-03-30T13:06:35+00:00\" \/>\n<meta property=\"og:image\" content=\"https:\/\/www.tarn.educagri.fr\/flamarens\/wp-content\/uploads\/2021\/03\/projet-lea2021.jpg\" \/>\n\t<meta property=\"og:image:width\" content=\"1080\" \/>\n\t<meta property=\"og:image:height\" content=\"1080\" \/>\n\t<meta property=\"og:image:type\" content=\"image\/jpeg\" \/>\n<meta name=\"author\" content=\"Marie SCHMIDT\" \/>\n<meta name=\"twitter:card\" content=\"summary_large_image\" \/>\n<meta name=\"twitter:label1\" content=\"\u00c9crit par\" \/>\n\t<meta name=\"twitter:data1\" content=\"Marie SCHMIDT\" \/>\n\t<meta name=\"twitter:label2\" content=\"Dur\u00e9e de lecture estim\u00e9e\" \/>\n\t<meta name=\"twitter:data2\" content=\"1 minute\" \/>\n<script type=\"application\/ld+json\" class=\"yoast-schema-graph\">{\"@context\":\"https:\\\/\\\/schema.org\",\"@graph\":[{\"@type\":\"Article\",\"@id\":\"https:\\\/\\\/www.tarn.educagri.fr\\\/flamarens\\\/innovation-pedagogique\\\/#article\",\"isPartOf\":{\"@id\":\"https:\\\/\\\/www.tarn.educagri.fr\\\/flamarens\\\/innovation-pedagogique\\\/\"},\"author\":{\"name\":\"Marie SCHMIDT\",\"@id\":\"https:\\\/\\\/www.tarn.educagri.fr\\\/flamarens\\\/#\\\/schema\\\/person\\\/5bff1f3a6e7f4bada34a52f3ffd914c2\"},\"headline\":\"Innovation p\u00e9dagogique\",\"datePublished\":\"2021-03-30T13:06:02+00:00\",\"dateModified\":\"2021-03-30T13:06:35+00:00\",\"mainEntityOfPage\":{\"@id\":\"https:\\\/\\\/www.tarn.educagri.fr\\\/flamarens\\\/innovation-pedagogique\\\/\"},\"wordCount\":76,\"publisher\":{\"@id\":\"https:\\\/\\\/www.tarn.educagri.fr\\\/flamarens\\\/#organization\"},\"image\":{\"@id\":\"https:\\\/\\\/www.tarn.educagri.fr\\\/flamarens\\\/innovation-pedagogique\\\/#primaryimage\"},\"thumbnailUrl\":\"https:\\\/\\\/www.tarn.educagri.fr\\\/flamarens\\\/wp-content\\\/uploads\\\/2021\\\/03\\\/projet-lea2021.jpg\",\"inLanguage\":\"fr-FR\"},{\"@type\":\"WebPage\",\"@id\":\"https:\\\/\\\/www.tarn.educagri.fr\\\/flamarens\\\/innovation-pedagogique\\\/\",\"url\":\"https:\\\/\\\/www.tarn.educagri.fr\\\/flamarens\\\/innovation-pedagogique\\\/\",\"name\":\"Innovation p\u00e9dagogique - Lyc\u00e9e Flamarens Lavaur\",\"isPartOf\":{\"@id\":\"https:\\\/\\\/www.tarn.educagri.fr\\\/flamarens\\\/#website\"},\"primaryImageOfPage\":{\"@id\":\"https:\\\/\\\/www.tarn.educagri.fr\\\/flamarens\\\/innovation-pedagogique\\\/#primaryimage\"},\"image\":{\"@id\":\"https:\\\/\\\/www.tarn.educagri.fr\\\/flamarens\\\/innovation-pedagogique\\\/#primaryimage\"},\"thumbnailUrl\":\"https:\\\/\\\/www.tarn.educagri.fr\\\/flamarens\\\/wp-content\\\/uploads\\\/2021\\\/03\\\/projet-lea2021.jpg\",\"datePublished\":\"2021-03-30T13:06:02+00:00\",\"dateModified\":\"2021-03-30T13:06:35+00:00\",\"breadcrumb\":{\"@id\":\"https:\\\/\\\/www.tarn.educagri.fr\\\/flamarens\\\/innovation-pedagogique\\\/#breadcrumb\"},\"inLanguage\":\"fr-FR\",\"potentialAction\":[{\"@type\":\"ReadAction\",\"target\":[\"https:\\\/\\\/www.tarn.educagri.fr\\\/flamarens\\\/innovation-pedagogique\\\/\"]}]},{\"@type\":\"ImageObject\",\"inLanguage\":\"fr-FR\",\"@id\":\"https:\\\/\\\/www.tarn.educagri.fr\\\/flamarens\\\/innovation-pedagogique\\\/#primaryimage\",\"url\":\"https:\\\/\\\/www.tarn.educagri.fr\\\/flamarens\\\/wp-content\\\/uploads\\\/2021\\\/03\\\/projet-lea2021.jpg\",\"contentUrl\":\"https:\\\/\\\/www.tarn.educagri.fr\\\/flamarens\\\/wp-content\\\/uploads\\\/2021\\\/03\\\/projet-lea2021.jpg\",\"width\":1080,\"height\":1080,\"caption\":\"presentation projet l\u00e9a 2021\"},{\"@type\":\"BreadcrumbList\",\"@id\":\"https:\\\/\\\/www.tarn.educagri.fr\\\/flamarens\\\/innovation-pedagogique\\\/#breadcrumb\",\"itemListElement\":[{\"@type\":\"ListItem\",\"position\":1,\"name\":\"Accueil\",\"item\":\"https:\\\/\\\/www.tarn.educagri.fr\\\/flamarens\\\/\"},{\"@type\":\"ListItem\",\"position\":2,\"name\":\"Innovation p\u00e9dagogique\"}]},{\"@type\":\"WebSite\",\"@id\":\"https:\\\/\\\/www.tarn.educagri.fr\\\/flamarens\\\/#website\",\"url\":\"https:\\\/\\\/www.tarn.educagri.fr\\\/flamarens\\\/\",\"name\":\"Lyc\u00e9e Flamarens Lavaur\",\"description\":\"Le campus des possibles\",\"publisher\":{\"@id\":\"https:\\\/\\\/www.tarn.educagri.fr\\\/flamarens\\\/#organization\"},\"potentialAction\":[{\"@type\":\"SearchAction\",\"target\":{\"@type\":\"EntryPoint\",\"urlTemplate\":\"https:\\\/\\\/www.tarn.educagri.fr\\\/flamarens\\\/?s={search_term_string}\"},\"query-input\":{\"@type\":\"PropertyValueSpecification\",\"valueRequired\":true,\"valueName\":\"search_term_string\"}}],\"inLanguage\":\"fr-FR\"},{\"@type\":\"Organization\",\"@id\":\"https:\\\/\\\/www.tarn.educagri.fr\\\/flamarens\\\/#organization\",\"name\":\"Etablissement agro environnemental du Tarn\",\"url\":\"https:\\\/\\\/www.tarn.educagri.fr\\\/flamarens\\\/\",\"logo\":{\"@type\":\"ImageObject\",\"inLanguage\":\"fr-FR\",\"@id\":\"https:\\\/\\\/www.tarn.educagri.fr\\\/flamarens\\\/#\\\/schema\\\/logo\\\/image\\\/\",\"url\":\"https:\\\/\\\/www.tarn.educagri.fr\\\/flamarens\\\/wp-content\\\/uploads\\\/2018\\\/05\\\/logo-EPl.jpg\",\"contentUrl\":\"https:\\\/\\\/www.tarn.educagri.fr\\\/flamarens\\\/wp-content\\\/uploads\\\/2018\\\/05\\\/logo-EPl.jpg\",\"width\":624,\"height\":624,\"caption\":\"Etablissement agro environnemental du Tarn\"},\"image\":{\"@id\":\"https:\\\/\\\/www.tarn.educagri.fr\\\/flamarens\\\/#\\\/schema\\\/logo\\\/image\\\/\"}},{\"@type\":\"Person\",\"@id\":\"https:\\\/\\\/www.tarn.educagri.fr\\\/flamarens\\\/#\\\/schema\\\/person\\\/5bff1f3a6e7f4bada34a52f3ffd914c2\",\"name\":\"Marie SCHMIDT\",\"image\":{\"@type\":\"ImageObject\",\"inLanguage\":\"fr-FR\",\"@id\":\"https:\\\/\\\/secure.gravatar.com\\\/avatar\\\/2bd3fa8b991b0d7b5453824e1ab84c48e205472ce59b60d7a226d0606517f907?s=96&d=mm&r=g\",\"url\":\"https:\\\/\\\/secure.gravatar.com\\\/avatar\\\/2bd3fa8b991b0d7b5453824e1ab84c48e205472ce59b60d7a226d0606517f907?s=96&d=mm&r=g\",\"contentUrl\":\"https:\\\/\\\/secure.gravatar.com\\\/avatar\\\/2bd3fa8b991b0d7b5453824e1ab84c48e205472ce59b60d7a226d0606517f907?s=96&d=mm&r=g\",\"caption\":\"Marie SCHMIDT\"}}]}<\/script>\n<!-- \/ Yoast SEO plugin. -->","yoast_head_json":{"title":"Innovation p\u00e9dagogique - Lyc\u00e9e Flamarens Lavaur","robots":{"index":"index","follow":"follow","max-snippet":"max-snippet:-1","max-image-preview":"max-image-preview:large","max-video-preview":"max-video-preview:-1"},"canonical":"https:\/\/www.tarn.educagri.fr\/flamarens\/innovation-pedagogique\/","og_locale":"fr_FR","og_type":"article","og_title":"Innovation p\u00e9dagogique - Lyc\u00e9e Flamarens Lavaur","og_description":"Deuxi\u00e8me ann\u00e9e pour le projet L\u00e9a ! Apprendre et enseigner autrement, voil\u00e0 l&rsquo;objectif de ce projet. En partenariat avec l&rsquo;Ecole Nationale Sup\u00e9rieure de Formation de&hellip;","og_url":"https:\/\/www.tarn.educagri.fr\/flamarens\/innovation-pedagogique\/","og_site_name":"Lyc\u00e9e Flamarens Lavaur","article_published_time":"2021-03-30T13:06:02+00:00","article_modified_time":"2021-03-30T13:06:35+00:00","og_image":[{"width":1080,"height":1080,"url":"https:\/\/www.tarn.educagri.fr\/flamarens\/wp-content\/uploads\/2021\/03\/projet-lea2021.jpg","type":"image\/jpeg"}],"author":"Marie SCHMIDT","twitter_card":"summary_large_image","twitter_misc":{"\u00c9crit par":"Marie SCHMIDT","Dur\u00e9e de lecture estim\u00e9e":"1 minute"},"schema":{"@context":"https:\/\/schema.org","@graph":[{"@type":"Article","@id":"https:\/\/www.tarn.educagri.fr\/flamarens\/innovation-pedagogique\/#article","isPartOf":{"@id":"https:\/\/www.tarn.educagri.fr\/flamarens\/innovation-pedagogique\/"},"author":{"name":"Marie SCHMIDT","@id":"https:\/\/www.tarn.educagri.fr\/flamarens\/#\/schema\/person\/5bff1f3a6e7f4bada34a52f3ffd914c2"},"headline":"Innovation p\u00e9dagogique","datePublished":"2021-03-30T13:06:02+00:00","dateModified":"2021-03-30T13:06:35+00:00","mainEntityOfPage":{"@id":"https:\/\/www.tarn.educagri.fr\/flamarens\/innovation-pedagogique\/"},"wordCount":76,"publisher":{"@id":"https:\/\/www.tarn.educagri.fr\/flamarens\/#organization"},"image":{"@id":"https:\/\/www.tarn.educagri.fr\/flamarens\/innovation-pedagogique\/#primaryimage"},"thumbnailUrl":"https:\/\/www.tarn.educagri.fr\/flamarens\/wp-content\/uploads\/2021\/03\/projet-lea2021.jpg","inLanguage":"fr-FR"},{"@type":"WebPage","@id":"https:\/\/www.tarn.educagri.fr\/flamarens\/innovation-pedagogique\/","url":"https:\/\/www.tarn.educagri.fr\/flamarens\/innovation-pedagogique\/","name":"Innovation p\u00e9dagogique - Lyc\u00e9e Flamarens Lavaur","isPartOf":{"@id":"https:\/\/www.tarn.educagri.fr\/flamarens\/#website"},"primaryImageOfPage":{"@id":"https:\/\/www.tarn.educagri.fr\/flamarens\/innovation-pedagogique\/#primaryimage"},"image":{"@id":"https:\/\/www.tarn.educagri.fr\/flamarens\/innovation-pedagogique\/#primaryimage"},"thumbnailUrl":"https:\/\/www.tarn.educagri.fr\/flamarens\/wp-content\/uploads\/2021\/03\/projet-lea2021.jpg","datePublished":"2021-03-30T13:06:02+00:00","dateModified":"2021-03-30T13:06:35+00:00","breadcrumb":{"@id":"https:\/\/www.tarn.educagri.fr\/flamarens\/innovation-pedagogique\/#breadcrumb"},"inLanguage":"fr-FR","potentialAction":[{"@type":"ReadAction","target":["https:\/\/www.tarn.educagri.fr\/flamarens\/innovation-pedagogique\/"]}]},{"@type":"ImageObject","inLanguage":"fr-FR","@id":"https:\/\/www.tarn.educagri.fr\/flamarens\/innovation-pedagogique\/#primaryimage","url":"https:\/\/www.tarn.educagri.fr\/flamarens\/wp-content\/uploads\/2021\/03\/projet-lea2021.jpg","contentUrl":"https:\/\/www.tarn.educagri.fr\/flamarens\/wp-content\/uploads\/2021\/03\/projet-lea2021.jpg","width":1080,"height":1080,"caption":"presentation projet l\u00e9a 2021"},{"@type":"BreadcrumbList","@id":"https:\/\/www.tarn.educagri.fr\/flamarens\/innovation-pedagogique\/#breadcrumb","itemListElement":[{"@type":"ListItem","position":1,"name":"Accueil","item":"https:\/\/www.tarn.educagri.fr\/flamarens\/"},{"@type":"ListItem","position":2,"name":"Innovation p\u00e9dagogique"}]},{"@type":"WebSite","@id":"https:\/\/www.tarn.educagri.fr\/flamarens\/#website","url":"https:\/\/www.tarn.educagri.fr\/flamarens\/","name":"Lyc\u00e9e Flamarens Lavaur","description":"Le campus des possibles","publisher":{"@id":"https:\/\/www.tarn.educagri.fr\/flamarens\/#organization"},"potentialAction":[{"@type":"SearchAction","target":{"@type":"EntryPoint","urlTemplate":"https:\/\/www.tarn.educagri.fr\/flamarens\/?s={search_term_string}"},"query-input":{"@type":"PropertyValueSpecification","valueRequired":true,"valueName":"search_term_string"}}],"inLanguage":"fr-FR"},{"@type":"Organization","@id":"https:\/\/www.tarn.educagri.fr\/flamarens\/#organization","name":"Etablissement agro environnemental du Tarn","url":"https:\/\/www.tarn.educagri.fr\/flamarens\/","logo":{"@type":"ImageObject","inLanguage":"fr-FR","@id":"https:\/\/www.tarn.educagri.fr\/flamarens\/#\/schema\/logo\/image\/","url":"https:\/\/www.tarn.educagri.fr\/flamarens\/wp-content\/uploads\/2018\/05\/logo-EPl.jpg","contentUrl":"https:\/\/www.tarn.educagri.fr\/flamarens\/wp-content\/uploads\/2018\/05\/logo-EPl.jpg","width":624,"height":624,"caption":"Etablissement agro environnemental du Tarn"},"image":{"@id":"https:\/\/www.tarn.educagri.fr\/flamarens\/#\/schema\/logo\/image\/"}},{"@type":"Person","@id":"https:\/\/www.tarn.educagri.fr\/flamarens\/#\/schema\/person\/5bff1f3a6e7f4bada34a52f3ffd914c2","name":"Marie SCHMIDT","image":{"@type":"ImageObject","inLanguage":"fr-FR","@id":"https:\/\/secure.gravatar.com\/avatar\/2bd3fa8b991b0d7b5453824e1ab84c48e205472ce59b60d7a226d0606517f907?s=96&d=mm&r=g","url":"https:\/\/secure.gravatar.com\/avatar\/2bd3fa8b991b0d7b5453824e1ab84c48e205472ce59b60d7a226d0606517f907?s=96&d=mm&r=g","contentUrl":"https:\/\/secure.gravatar.com\/avatar\/2bd3fa8b991b0d7b5453824e1ab84c48e205472ce59b60d7a226d0606517f907?s=96&d=mm&r=g","caption":"Marie SCHMIDT"}}]}},"_links":{"self":[{"href":"https:\/\/www.tarn.educagri.fr\/flamarens\/wp-json\/wp\/v2\/posts\/4966","targetHints":{"allow":["GET"]}}],"collection":[{"href":"https:\/\/www.tarn.educagri.fr\/flamarens\/wp-json\/wp\/v2\/posts"}],"about":[{"href":"https:\/\/www.tarn.educagri.fr\/flamarens\/wp-json\/wp\/v2\/types\/post"}],"author":[{"embeddable":true,"href":"https:\/\/www.tarn.educagri.fr\/flamarens\/wp-json\/wp\/v2\/users\/6"}],"replies":[{"embeddable":true,"href":"https:\/\/www.tarn.educagri.fr\/flamarens\/wp-json\/wp\/v2\/comments?post=4966"}],"version-history":[{"count":4,"href":"https:\/\/www.tarn.educagri.fr\/flamarens\/wp-json\/wp\/v2\/posts\/4966\/revisions"}],"predecessor-version":[{"id":4970,"href":"https:\/\/www.tarn.educagri.fr\/flamarens\/wp-json\/wp\/v2\/posts\/4966\/revisions\/4970"}],"wp:featuredmedia":[{"embeddable":true,"href":"https:\/\/www.tarn.educagri.fr\/flamarens\/wp-json\/wp\/v2\/media\/4964"}],"wp:attachment":[{"href":"https:\/\/www.tarn.educagri.fr\/flamarens\/wp-json\/wp\/v2\/media?parent=4966"}],"wp:term":[{"taxonomy":"category","embeddable":true,"href":"https:\/\/www.tarn.educagri.fr\/flamarens\/wp-json\/wp\/v2\/categories?post=4966"},{"taxonomy":"post_tag","embeddable":true,"href":"https:\/\/www.tarn.educagri.fr\/flamarens\/wp-json\/wp\/v2\/tags?post=4966"}],"curies":[{"name":"wp","href":"https:\/\/api.w.org\/{rel}","templated":true}]}}