{"id":4993,"date":"2021-04-02T15:24:59","date_gmt":"2021-04-02T14:24:59","guid":{"rendered":"https:\/\/www.tarn.educagri.fr\/flamarens\/?p=4993"},"modified":"2021-04-02T15:26:26","modified_gmt":"2021-04-02T14:26:26","slug":"mesures-sanitaires-renforcees-au-lpa","status":"publish","type":"post","link":"https:\/\/www.tarn.educagri.fr\/flamarens\/mesures-sanitaires-renforcees-au-lpa\/","title":{"rendered":"Mesures sanitaires renforc\u00e9es au LPA"},"content":{"rendered":"\t\t<div data-elementor-type=\"wp-post\" data-elementor-id=\"4993\" class=\"elementor elementor-4993\" data-elementor-post-type=\"post\">\n\t\t\t\t\t\t<section class=\"elementor-section elementor-top-section elementor-element elementor-element-45db94f elementor-section-boxed elementor-section-height-default elementor-section-height-default\" data-id=\"45db94f\" data-element_type=\"section\" data-e-type=\"section\">\n\t\t\t\t\t\t<div class=\"elementor-container elementor-column-gap-default\">\n\t\t\t\t\t<div class=\"elementor-column elementor-col-50 elementor-top-column elementor-element elementor-element-237136f\" data-id=\"237136f\" data-element_type=\"column\" data-e-type=\"column\">\n\t\t\t<div class=\"elementor-widget-wrap elementor-element-populated\">\n\t\t\t\t\t\t<div class=\"elementor-element elementor-element-f7627de elementor-widget elementor-widget-text-editor\" data-id=\"f7627de\" data-element_type=\"widget\" data-e-type=\"widget\" data-widget_type=\"text-editor.default\">\n\t\t\t\t<div class=\"elementor-widget-container\">\n\t\t\t\t\t\t\t\t\t<p class=\"western\"><strong><span style=\"font-size: medium;\">Mot de Mme la Proviseur :<\/span><\/strong><\/p><p class=\"western\" align=\"justify\"><span style=\"font-size: medium;\">Suite aux d\u00e9clarations du Pr\u00e9sident de la R\u00e9publique de mercredi dernier, je vous confirme la mise en place des mesures annonc\u00e9es concernant les lyc\u00e9es, et plus particuli\u00e8rement au LPA Flamarens, \u00e0 savoir\u00a0:<\/span><\/p><p class=\"western\" align=\"justify\"><span style=\"font-size: medium;\">-la semaine <\/span><span style=\"font-size: medium;\"><u>du 5 au 9 avril<\/u><\/span><span style=\"font-size: medium;\">, les cours seront <\/span><span style=\"font-size: medium;\"><u>maintenus en distantiel<\/u><\/span><span style=\"font-size: medium;\">. Votre enfant a re\u00e7u toutes les consignes et le tutoriel adapt\u00e9 pour pouvoir suivre sa formation \u00e0 distance<\/span><\/p><p class=\"western\" align=\"justify\"><span style=\"font-size: medium;\">-les deux semaines suivantes, du 12 au 23 avril aucun cours ne sera transmis, car il s\u2019agit des vacances de printemps<\/span><\/p><p class=\"western\" align=\"justify\"><span style=\"font-size: medium;\">-la semaine <\/span><span style=\"font-size: medium;\"><u>du 26 avril au 30 avril<\/u><\/span><span style=\"font-size: medium;\"> les cours reprendront <\/span><span style=\"font-size: medium;\"><u>en distantiel<\/u><\/span><\/p><p class=\"western\" align=\"justify\"><span style=\"font-size: medium;\">-la semaine <\/span><span style=\"font-size: medium;\"><u>du 3 au 7 mai<\/u><\/span><span style=\"font-size: medium;\">, les cours <\/span><span style=\"font-size: medium;\"><u>en pr\u00e9sentiel<\/u><\/span><span style=\"font-size: medium;\"> auront lieu <\/span><span style=\"font-size: medium;\"><u>au LPA<\/u><\/span><\/p><p class=\"western\" align=\"justify\"><span style=\"font-size: medium;\">Toutes ces informations sont susceptibles d\u2019\u00e9voluer en fonction du contexte sanitaire du moment.<\/span><\/p><p class=\"western\" align=\"justify\"><span style=\"font-size: medium;\">Enfin, concernant les examens, nous attendons les consignes de notre minist\u00e8re. D\u00e8s que nous aurons du nouveau \u00e0 ce sujet, nous ne manquerons pas d\u2019en informer les \u00e9l\u00e8ves et familles concern\u00e9s.<\/span><\/p><p class=\"western\" align=\"justify\"><span style=\"font-size: medium;\">L\u2019\u00e9tablissement reste joignable par tel (05\/63\/42\/38\/00) et par mail (<\/span><span style=\"color: #0000ff;\"><u><a href=\"mailto:lpa.lavaur@educagri.fr\"><span style=\"font-size: medium;\">lpa.lavaur@educagri.fr<\/span><\/a><\/u><\/span><span style=\"font-size: medium;\">)<\/span><\/p><p class=\"western\" align=\"justify\"><span style=\"font-size: medium;\">Bien cordialement,<\/span><\/p><p class=\"western\" align=\"center\"><a name=\"_GoBack\"><\/a> <span style=\"font-size: medium;\">La Proviseure<\/span><\/p><p class=\"western\" align=\"center\"><span style=\"font-size: medium;\">Isabelle ROCH<\/span><\/p><p class=\"western\">\u00a0<\/p>\t\t\t\t\t\t\t\t<\/div>\n\t\t\t\t<\/div>\n\t\t\t\t\t<\/div>\n\t\t<\/div>\n\t\t\t\t<div class=\"elementor-column elementor-col-50 elementor-top-column elementor-element elementor-element-2049488\" data-id=\"2049488\" data-element_type=\"column\" data-e-type=\"column\">\n\t\t\t<div class=\"elementor-widget-wrap elementor-element-populated\">\n\t\t\t\t\t\t<div class=\"elementor-element elementor-element-6dbaf09 elementor-align-center elementor-widget elementor-widget-lottie\" data-id=\"6dbaf09\" data-element_type=\"widget\" data-e-type=\"widget\" data-settings=\"{&quot;source_json&quot;:{&quot;url&quot;:&quot;https:\\\/\\\/www.tarn.educagri.fr\\\/flamarens\\\/wp-content\\\/uploads\\\/2021\\\/04\\\/18123-developer.json&quot;,&quot;id&quot;:4997,&quot;size&quot;:&quot;&quot;},&quot;source&quot;:&quot;media_file&quot;,&quot;caption_source&quot;:&quot;none&quot;,&quot;link_to&quot;:&quot;none&quot;,&quot;trigger&quot;:&quot;arriving_to_viewport&quot;,&quot;viewport&quot;:{&quot;unit&quot;:&quot;%&quot;,&quot;size&quot;:&quot;&quot;,&quot;sizes&quot;:{&quot;start&quot;:0,&quot;end&quot;:100}},&quot;play_speed&quot;:{&quot;unit&quot;:&quot;px&quot;,&quot;size&quot;:1,&quot;sizes&quot;:[]},&quot;start_point&quot;:{&quot;unit&quot;:&quot;%&quot;,&quot;size&quot;:0,&quot;sizes&quot;:[]},&quot;end_point&quot;:{&quot;unit&quot;:&quot;%&quot;,&quot;size&quot;:100,&quot;sizes&quot;:[]},&quot;renderer&quot;:&quot;svg&quot;}\" data-widget_type=\"lottie.default\">\n\t\t\t\t<div class=\"elementor-widget-container\">\n\t\t\t\t\t<div class=\"e-lottie__container\"><div class=\"e-lottie__animation\"><\/div><\/div>\t\t\t\t<\/div>\n\t\t\t\t<\/div>\n\t\t\t\t<div class=\"elementor-element elementor-element-e54d538 elementor-widget elementor-widget-text-editor\" data-id=\"e54d538\" data-element_type=\"widget\" data-e-type=\"widget\" data-widget_type=\"text-editor.default\">\n\t\t\t\t<div class=\"elementor-widget-container\">\n\t\t\t\t\t\t\t\t\t<p><span style=\"color: #339966;\">Tutoriel pour utiliser tout les outils mis en oeuvre en cette p\u00e9riode pour l&rsquo;enseignement \u00e0 distance, disponible ci dessous :<\/span><\/p>\t\t\t\t\t\t\t\t<\/div>\n\t\t\t\t<\/div>\n\t\t\t\t<div class=\"elementor-element elementor-element-ca2d94a elementor-view-stacked elementor-shape-circle elementor-widget elementor-widget-icon\" data-id=\"ca2d94a\" data-element_type=\"widget\" data-e-type=\"widget\" data-widget_type=\"icon.default\">\n\t\t\t\t<div class=\"elementor-widget-container\">\n\t\t\t\t\t\t\t<div class=\"elementor-icon-wrapper\">\n\t\t\t<a class=\"elementor-icon\" href=\"https:\/\/www.tarn.educagri.fr\/flamarens\/wp-content\/uploads\/2021\/04\/Tutoriel-Eleve-distance.pdf\">\n\t\t\t<i aria-hidden=\"true\" class=\"fas fa-file-pdf\"><\/i>\t\t\t<\/a>\n\t\t<\/div>\n\t\t\t\t\t\t<\/div>\n\t\t\t\t<\/div>\n\t\t\t\t\t<\/div>\n\t\t<\/div>\n\t\t\t\t\t<\/div>\n\t\t<\/section>\n\t\t\t\t<\/div>\n\t\t","protected":false},"excerpt":{"rendered":"<p>Mot de Mme la Proviseur : Suite aux d\u00e9clarations du Pr\u00e9sident de la R\u00e9publique de mercredi dernier, je vous confirme la mise en place des&hellip;<\/p>\n","protected":false},"author":6,"featured_media":4995,"comment_status":"closed","ping_status":"closed","sticky":false,"template":"","format":"standard","meta":{"footnotes":""},"categories":[1],"tags":[],"class_list":["post-4993","post","type-post","status-publish","format-standard","has-post-thumbnail","hentry","category-non-classe"],"yoast_head":"<!-- This site is optimized with the Yoast SEO plugin v27.3 - https:\/\/yoast.com\/product\/yoast-seo-wordpress\/ -->\n<title>Mesures sanitaires renforc\u00e9es au LPA - Lyc\u00e9e Flamarens Lavaur<\/title>\n<meta name=\"robots\" content=\"index, follow, max-snippet:-1, max-image-preview:large, max-video-preview:-1\" \/>\n<link rel=\"canonical\" href=\"https:\/\/www.tarn.educagri.fr\/flamarens\/mesures-sanitaires-renforcees-au-lpa\/\" \/>\n<meta property=\"og:locale\" content=\"fr_FR\" \/>\n<meta property=\"og:type\" content=\"article\" \/>\n<meta property=\"og:title\" content=\"Mesures sanitaires renforc\u00e9es au LPA - Lyc\u00e9e Flamarens Lavaur\" \/>\n<meta property=\"og:description\" content=\"Mot de Mme la Proviseur : Suite aux d\u00e9clarations du Pr\u00e9sident de la R\u00e9publique de mercredi dernier, je vous confirme la mise en place des&hellip;\" \/>\n<meta property=\"og:url\" content=\"https:\/\/www.tarn.educagri.fr\/flamarens\/mesures-sanitaires-renforcees-au-lpa\/\" \/>\n<meta property=\"og:site_name\" content=\"Lyc\u00e9e Flamarens Lavaur\" \/>\n<meta property=\"article:published_time\" content=\"2021-04-02T14:24:59+00:00\" \/>\n<meta property=\"article:modified_time\" content=\"2021-04-02T14:26:26+00:00\" \/>\n<meta property=\"og:image\" content=\"https:\/\/www.tarn.educagri.fr\/flamarens\/wp-content\/uploads\/2021\/04\/images.jpg\" \/>\n\t<meta property=\"og:image:width\" content=\"275\" \/>\n\t<meta property=\"og:image:height\" content=\"183\" \/>\n\t<meta property=\"og:image:type\" content=\"image\/jpeg\" \/>\n<meta name=\"author\" content=\"Marie SCHMIDT\" \/>\n<meta name=\"twitter:card\" content=\"summary_large_image\" \/>\n<meta name=\"twitter:label1\" content=\"\u00c9crit par\" \/>\n\t<meta name=\"twitter:data1\" content=\"Marie SCHMIDT\" \/>\n\t<meta name=\"twitter:label2\" content=\"Dur\u00e9e de lecture estim\u00e9e\" \/>\n\t<meta name=\"twitter:data2\" content=\"1 minute\" \/>\n<script type=\"application\/ld+json\" class=\"yoast-schema-graph\">{\"@context\":\"https:\\\/\\\/schema.org\",\"@graph\":[{\"@type\":\"Article\",\"@id\":\"https:\\\/\\\/www.tarn.educagri.fr\\\/flamarens\\\/mesures-sanitaires-renforcees-au-lpa\\\/#article\",\"isPartOf\":{\"@id\":\"https:\\\/\\\/www.tarn.educagri.fr\\\/flamarens\\\/mesures-sanitaires-renforcees-au-lpa\\\/\"},\"author\":{\"name\":\"Marie SCHMIDT\",\"@id\":\"https:\\\/\\\/www.tarn.educagri.fr\\\/flamarens\\\/#\\\/schema\\\/person\\\/5bff1f3a6e7f4bada34a52f3ffd914c2\"},\"headline\":\"Mesures sanitaires renforc\u00e9es au LPA\",\"datePublished\":\"2021-04-02T14:24:59+00:00\",\"dateModified\":\"2021-04-02T14:26:26+00:00\",\"mainEntityOfPage\":{\"@id\":\"https:\\\/\\\/www.tarn.educagri.fr\\\/flamarens\\\/mesures-sanitaires-renforcees-au-lpa\\\/\"},\"wordCount\":210,\"publisher\":{\"@id\":\"https:\\\/\\\/www.tarn.educagri.fr\\\/flamarens\\\/#organization\"},\"image\":{\"@id\":\"https:\\\/\\\/www.tarn.educagri.fr\\\/flamarens\\\/mesures-sanitaires-renforcees-au-lpa\\\/#primaryimage\"},\"thumbnailUrl\":\"https:\\\/\\\/www.tarn.educagri.fr\\\/flamarens\\\/wp-content\\\/uploads\\\/2021\\\/04\\\/images.jpg\",\"inLanguage\":\"fr-FR\"},{\"@type\":\"WebPage\",\"@id\":\"https:\\\/\\\/www.tarn.educagri.fr\\\/flamarens\\\/mesures-sanitaires-renforcees-au-lpa\\\/\",\"url\":\"https:\\\/\\\/www.tarn.educagri.fr\\\/flamarens\\\/mesures-sanitaires-renforcees-au-lpa\\\/\",\"name\":\"Mesures sanitaires renforc\u00e9es au LPA - Lyc\u00e9e Flamarens Lavaur\",\"isPartOf\":{\"@id\":\"https:\\\/\\\/www.tarn.educagri.fr\\\/flamarens\\\/#website\"},\"primaryImageOfPage\":{\"@id\":\"https:\\\/\\\/www.tarn.educagri.fr\\\/flamarens\\\/mesures-sanitaires-renforcees-au-lpa\\\/#primaryimage\"},\"image\":{\"@id\":\"https:\\\/\\\/www.tarn.educagri.fr\\\/flamarens\\\/mesures-sanitaires-renforcees-au-lpa\\\/#primaryimage\"},\"thumbnailUrl\":\"https:\\\/\\\/www.tarn.educagri.fr\\\/flamarens\\\/wp-content\\\/uploads\\\/2021\\\/04\\\/images.jpg\",\"datePublished\":\"2021-04-02T14:24:59+00:00\",\"dateModified\":\"2021-04-02T14:26:26+00:00\",\"breadcrumb\":{\"@id\":\"https:\\\/\\\/www.tarn.educagri.fr\\\/flamarens\\\/mesures-sanitaires-renforcees-au-lpa\\\/#breadcrumb\"},\"inLanguage\":\"fr-FR\",\"potentialAction\":[{\"@type\":\"ReadAction\",\"target\":[\"https:\\\/\\\/www.tarn.educagri.fr\\\/flamarens\\\/mesures-sanitaires-renforcees-au-lpa\\\/\"]}]},{\"@type\":\"ImageObject\",\"inLanguage\":\"fr-FR\",\"@id\":\"https:\\\/\\\/www.tarn.educagri.fr\\\/flamarens\\\/mesures-sanitaires-renforcees-au-lpa\\\/#primaryimage\",\"url\":\"https:\\\/\\\/www.tarn.educagri.fr\\\/flamarens\\\/wp-content\\\/uploads\\\/2021\\\/04\\\/images.jpg\",\"contentUrl\":\"https:\\\/\\\/www.tarn.educagri.fr\\\/flamarens\\\/wp-content\\\/uploads\\\/2021\\\/04\\\/images.jpg\",\"width\":275,\"height\":183,\"caption\":\"info covid 19 avril 2021\"},{\"@type\":\"BreadcrumbList\",\"@id\":\"https:\\\/\\\/www.tarn.educagri.fr\\\/flamarens\\\/mesures-sanitaires-renforcees-au-lpa\\\/#breadcrumb\",\"itemListElement\":[{\"@type\":\"ListItem\",\"position\":1,\"name\":\"Accueil\",\"item\":\"https:\\\/\\\/www.tarn.educagri.fr\\\/flamarens\\\/\"},{\"@type\":\"ListItem\",\"position\":2,\"name\":\"Mesures sanitaires renforc\u00e9es au LPA\"}]},{\"@type\":\"WebSite\",\"@id\":\"https:\\\/\\\/www.tarn.educagri.fr\\\/flamarens\\\/#website\",\"url\":\"https:\\\/\\\/www.tarn.educagri.fr\\\/flamarens\\\/\",\"name\":\"Lyc\u00e9e Flamarens Lavaur\",\"description\":\"Le campus des possibles\",\"publisher\":{\"@id\":\"https:\\\/\\\/www.tarn.educagri.fr\\\/flamarens\\\/#organization\"},\"potentialAction\":[{\"@type\":\"SearchAction\",\"target\":{\"@type\":\"EntryPoint\",\"urlTemplate\":\"https:\\\/\\\/www.tarn.educagri.fr\\\/flamarens\\\/?s={search_term_string}\"},\"query-input\":{\"@type\":\"PropertyValueSpecification\",\"valueRequired\":true,\"valueName\":\"search_term_string\"}}],\"inLanguage\":\"fr-FR\"},{\"@type\":\"Organization\",\"@id\":\"https:\\\/\\\/www.tarn.educagri.fr\\\/flamarens\\\/#organization\",\"name\":\"Etablissement agro environnemental du Tarn\",\"url\":\"https:\\\/\\\/www.tarn.educagri.fr\\\/flamarens\\\/\",\"logo\":{\"@type\":\"ImageObject\",\"inLanguage\":\"fr-FR\",\"@id\":\"https:\\\/\\\/www.tarn.educagri.fr\\\/flamarens\\\/#\\\/schema\\\/logo\\\/image\\\/\",\"url\":\"https:\\\/\\\/www.tarn.educagri.fr\\\/flamarens\\\/wp-content\\\/uploads\\\/2018\\\/05\\\/logo-EPl.jpg\",\"contentUrl\":\"https:\\\/\\\/www.tarn.educagri.fr\\\/flamarens\\\/wp-content\\\/uploads\\\/2018\\\/05\\\/logo-EPl.jpg\",\"width\":624,\"height\":624,\"caption\":\"Etablissement agro environnemental du Tarn\"},\"image\":{\"@id\":\"https:\\\/\\\/www.tarn.educagri.fr\\\/flamarens\\\/#\\\/schema\\\/logo\\\/image\\\/\"}},{\"@type\":\"Person\",\"@id\":\"https:\\\/\\\/www.tarn.educagri.fr\\\/flamarens\\\/#\\\/schema\\\/person\\\/5bff1f3a6e7f4bada34a52f3ffd914c2\",\"name\":\"Marie SCHMIDT\",\"image\":{\"@type\":\"ImageObject\",\"inLanguage\":\"fr-FR\",\"@id\":\"https:\\\/\\\/secure.gravatar.com\\\/avatar\\\/2bd3fa8b991b0d7b5453824e1ab84c48e205472ce59b60d7a226d0606517f907?s=96&d=mm&r=g\",\"url\":\"https:\\\/\\\/secure.gravatar.com\\\/avatar\\\/2bd3fa8b991b0d7b5453824e1ab84c48e205472ce59b60d7a226d0606517f907?s=96&d=mm&r=g\",\"contentUrl\":\"https:\\\/\\\/secure.gravatar.com\\\/avatar\\\/2bd3fa8b991b0d7b5453824e1ab84c48e205472ce59b60d7a226d0606517f907?s=96&d=mm&r=g\",\"caption\":\"Marie SCHMIDT\"}}]}<\/script>\n<!-- \/ Yoast SEO plugin. -->","yoast_head_json":{"title":"Mesures sanitaires renforc\u00e9es au LPA - Lyc\u00e9e Flamarens Lavaur","robots":{"index":"index","follow":"follow","max-snippet":"max-snippet:-1","max-image-preview":"max-image-preview:large","max-video-preview":"max-video-preview:-1"},"canonical":"https:\/\/www.tarn.educagri.fr\/flamarens\/mesures-sanitaires-renforcees-au-lpa\/","og_locale":"fr_FR","og_type":"article","og_title":"Mesures sanitaires renforc\u00e9es au LPA - Lyc\u00e9e Flamarens Lavaur","og_description":"Mot de Mme la Proviseur : Suite aux d\u00e9clarations du Pr\u00e9sident de la R\u00e9publique de mercredi dernier, je vous confirme la mise en place des&hellip;","og_url":"https:\/\/www.tarn.educagri.fr\/flamarens\/mesures-sanitaires-renforcees-au-lpa\/","og_site_name":"Lyc\u00e9e Flamarens Lavaur","article_published_time":"2021-04-02T14:24:59+00:00","article_modified_time":"2021-04-02T14:26:26+00:00","og_image":[{"width":275,"height":183,"url":"https:\/\/www.tarn.educagri.fr\/flamarens\/wp-content\/uploads\/2021\/04\/images.jpg","type":"image\/jpeg"}],"author":"Marie SCHMIDT","twitter_card":"summary_large_image","twitter_misc":{"\u00c9crit par":"Marie SCHMIDT","Dur\u00e9e de lecture estim\u00e9e":"1 minute"},"schema":{"@context":"https:\/\/schema.org","@graph":[{"@type":"Article","@id":"https:\/\/www.tarn.educagri.fr\/flamarens\/mesures-sanitaires-renforcees-au-lpa\/#article","isPartOf":{"@id":"https:\/\/www.tarn.educagri.fr\/flamarens\/mesures-sanitaires-renforcees-au-lpa\/"},"author":{"name":"Marie SCHMIDT","@id":"https:\/\/www.tarn.educagri.fr\/flamarens\/#\/schema\/person\/5bff1f3a6e7f4bada34a52f3ffd914c2"},"headline":"Mesures sanitaires renforc\u00e9es au LPA","datePublished":"2021-04-02T14:24:59+00:00","dateModified":"2021-04-02T14:26:26+00:00","mainEntityOfPage":{"@id":"https:\/\/www.tarn.educagri.fr\/flamarens\/mesures-sanitaires-renforcees-au-lpa\/"},"wordCount":210,"publisher":{"@id":"https:\/\/www.tarn.educagri.fr\/flamarens\/#organization"},"image":{"@id":"https:\/\/www.tarn.educagri.fr\/flamarens\/mesures-sanitaires-renforcees-au-lpa\/#primaryimage"},"thumbnailUrl":"https:\/\/www.tarn.educagri.fr\/flamarens\/wp-content\/uploads\/2021\/04\/images.jpg","inLanguage":"fr-FR"},{"@type":"WebPage","@id":"https:\/\/www.tarn.educagri.fr\/flamarens\/mesures-sanitaires-renforcees-au-lpa\/","url":"https:\/\/www.tarn.educagri.fr\/flamarens\/mesures-sanitaires-renforcees-au-lpa\/","name":"Mesures sanitaires renforc\u00e9es au LPA - Lyc\u00e9e Flamarens Lavaur","isPartOf":{"@id":"https:\/\/www.tarn.educagri.fr\/flamarens\/#website"},"primaryImageOfPage":{"@id":"https:\/\/www.tarn.educagri.fr\/flamarens\/mesures-sanitaires-renforcees-au-lpa\/#primaryimage"},"image":{"@id":"https:\/\/www.tarn.educagri.fr\/flamarens\/mesures-sanitaires-renforcees-au-lpa\/#primaryimage"},"thumbnailUrl":"https:\/\/www.tarn.educagri.fr\/flamarens\/wp-content\/uploads\/2021\/04\/images.jpg","datePublished":"2021-04-02T14:24:59+00:00","dateModified":"2021-04-02T14:26:26+00:00","breadcrumb":{"@id":"https:\/\/www.tarn.educagri.fr\/flamarens\/mesures-sanitaires-renforcees-au-lpa\/#breadcrumb"},"inLanguage":"fr-FR","potentialAction":[{"@type":"ReadAction","target":["https:\/\/www.tarn.educagri.fr\/flamarens\/mesures-sanitaires-renforcees-au-lpa\/"]}]},{"@type":"ImageObject","inLanguage":"fr-FR","@id":"https:\/\/www.tarn.educagri.fr\/flamarens\/mesures-sanitaires-renforcees-au-lpa\/#primaryimage","url":"https:\/\/www.tarn.educagri.fr\/flamarens\/wp-content\/uploads\/2021\/04\/images.jpg","contentUrl":"https:\/\/www.tarn.educagri.fr\/flamarens\/wp-content\/uploads\/2021\/04\/images.jpg","width":275,"height":183,"caption":"info covid 19 avril 2021"},{"@type":"BreadcrumbList","@id":"https:\/\/www.tarn.educagri.fr\/flamarens\/mesures-sanitaires-renforcees-au-lpa\/#breadcrumb","itemListElement":[{"@type":"ListItem","position":1,"name":"Accueil","item":"https:\/\/www.tarn.educagri.fr\/flamarens\/"},{"@type":"ListItem","position":2,"name":"Mesures sanitaires renforc\u00e9es au LPA"}]},{"@type":"WebSite","@id":"https:\/\/www.tarn.educagri.fr\/flamarens\/#website","url":"https:\/\/www.tarn.educagri.fr\/flamarens\/","name":"Lyc\u00e9e Flamarens Lavaur","description":"Le campus des possibles","publisher":{"@id":"https:\/\/www.tarn.educagri.fr\/flamarens\/#organization"},"potentialAction":[{"@type":"SearchAction","target":{"@type":"EntryPoint","urlTemplate":"https:\/\/www.tarn.educagri.fr\/flamarens\/?s={search_term_string}"},"query-input":{"@type":"PropertyValueSpecification","valueRequired":true,"valueName":"search_term_string"}}],"inLanguage":"fr-FR"},{"@type":"Organization","@id":"https:\/\/www.tarn.educagri.fr\/flamarens\/#organization","name":"Etablissement agro environnemental du Tarn","url":"https:\/\/www.tarn.educagri.fr\/flamarens\/","logo":{"@type":"ImageObject","inLanguage":"fr-FR","@id":"https:\/\/www.tarn.educagri.fr\/flamarens\/#\/schema\/logo\/image\/","url":"https:\/\/www.tarn.educagri.fr\/flamarens\/wp-content\/uploads\/2018\/05\/logo-EPl.jpg","contentUrl":"https:\/\/www.tarn.educagri.fr\/flamarens\/wp-content\/uploads\/2018\/05\/logo-EPl.jpg","width":624,"height":624,"caption":"Etablissement agro environnemental du Tarn"},"image":{"@id":"https:\/\/www.tarn.educagri.fr\/flamarens\/#\/schema\/logo\/image\/"}},{"@type":"Person","@id":"https:\/\/www.tarn.educagri.fr\/flamarens\/#\/schema\/person\/5bff1f3a6e7f4bada34a52f3ffd914c2","name":"Marie SCHMIDT","image":{"@type":"ImageObject","inLanguage":"fr-FR","@id":"https:\/\/secure.gravatar.com\/avatar\/2bd3fa8b991b0d7b5453824e1ab84c48e205472ce59b60d7a226d0606517f907?s=96&d=mm&r=g","url":"https:\/\/secure.gravatar.com\/avatar\/2bd3fa8b991b0d7b5453824e1ab84c48e205472ce59b60d7a226d0606517f907?s=96&d=mm&r=g","contentUrl":"https:\/\/secure.gravatar.com\/avatar\/2bd3fa8b991b0d7b5453824e1ab84c48e205472ce59b60d7a226d0606517f907?s=96&d=mm&r=g","caption":"Marie SCHMIDT"}}]}},"_links":{"self":[{"href":"https:\/\/www.tarn.educagri.fr\/flamarens\/wp-json\/wp\/v2\/posts\/4993","targetHints":{"allow":["GET"]}}],"collection":[{"href":"https:\/\/www.tarn.educagri.fr\/flamarens\/wp-json\/wp\/v2\/posts"}],"about":[{"href":"https:\/\/www.tarn.educagri.fr\/flamarens\/wp-json\/wp\/v2\/types\/post"}],"author":[{"embeddable":true,"href":"https:\/\/www.tarn.educagri.fr\/flamarens\/wp-json\/wp\/v2\/users\/6"}],"replies":[{"embeddable":true,"href":"https:\/\/www.tarn.educagri.fr\/flamarens\/wp-json\/wp\/v2\/comments?post=4993"}],"version-history":[{"count":7,"href":"https:\/\/www.tarn.educagri.fr\/flamarens\/wp-json\/wp\/v2\/posts\/4993\/revisions"}],"predecessor-version":[{"id":5003,"href":"https:\/\/www.tarn.educagri.fr\/flamarens\/wp-json\/wp\/v2\/posts\/4993\/revisions\/5003"}],"wp:featuredmedia":[{"embeddable":true,"href":"https:\/\/www.tarn.educagri.fr\/flamarens\/wp-json\/wp\/v2\/media\/4995"}],"wp:attachment":[{"href":"https:\/\/www.tarn.educagri.fr\/flamarens\/wp-json\/wp\/v2\/media?parent=4993"}],"wp:term":[{"taxonomy":"category","embeddable":true,"href":"https:\/\/www.tarn.educagri.fr\/flamarens\/wp-json\/wp\/v2\/categories?post=4993"},{"taxonomy":"post_tag","embeddable":true,"href":"https:\/\/www.tarn.educagri.fr\/flamarens\/wp-json\/wp\/v2\/tags?post=4993"}],"curies":[{"name":"wp","href":"https:\/\/api.w.org\/{rel}","templated":true}]}}