{"id":5318,"date":"2021-12-09T14:28:46","date_gmt":"2021-12-09T13:28:46","guid":{"rendered":"https:\/\/www.tarn.educagri.fr\/flamarens\/?p=5318"},"modified":"2021-12-09T14:34:52","modified_gmt":"2021-12-09T13:34:52","slug":"journee-de-la-tolerance","status":"publish","type":"post","link":"https:\/\/www.tarn.educagri.fr\/flamarens\/journee-de-la-tolerance\/","title":{"rendered":"Journ\u00e9e de la Tol\u00e9rance"},"content":{"rendered":"\t\t<div data-elementor-type=\"wp-post\" data-elementor-id=\"5318\" class=\"elementor elementor-5318\" data-elementor-post-type=\"post\">\n\t\t\t\t\t\t<section class=\"elementor-section elementor-top-section elementor-element elementor-element-e2cced7 elementor-section-boxed elementor-section-height-default elementor-section-height-default\" data-id=\"e2cced7\" data-element_type=\"section\" data-e-type=\"section\">\n\t\t\t\t\t\t<div class=\"elementor-container elementor-column-gap-default\">\n\t\t\t\t\t<div class=\"elementor-column elementor-col-100 elementor-top-column elementor-element elementor-element-c5c958f\" data-id=\"c5c958f\" data-element_type=\"column\" data-e-type=\"column\">\n\t\t\t<div class=\"elementor-widget-wrap elementor-element-populated\">\n\t\t\t\t\t\t<div class=\"elementor-element elementor-element-5789f3f elementor-headline--style-highlight elementor-widget elementor-widget-animated-headline\" data-id=\"5789f3f\" data-element_type=\"widget\" data-e-type=\"widget\" data-settings=\"{&quot;marker&quot;:&quot;underline_zigzag&quot;,&quot;highlighted_text&quot;:&quot;Tol\\u00e9rance &quot;,&quot;headline_style&quot;:&quot;highlight&quot;,&quot;loop&quot;:&quot;yes&quot;,&quot;highlight_animation_duration&quot;:1200,&quot;highlight_iteration_delay&quot;:8000}\" data-widget_type=\"animated-headline.default\">\n\t\t\t\t<div class=\"elementor-widget-container\">\n\t\t\t\t\t\t\t<h3 class=\"elementor-headline\">\n\t\t\t\t\t<span class=\"elementor-headline-plain-text elementor-headline-text-wrapper\">Journ\u00e9e de la <\/span>\n\t\t\t\t<span class=\"elementor-headline-dynamic-wrapper elementor-headline-text-wrapper\">\n\t\t\t\t\t<span class=\"elementor-headline-dynamic-text elementor-headline-text-active\">Tol\u00e9rance <\/span>\n\t\t\t\t<\/span>\n\t\t\t\t<\/h3>\n\t\t\t\t\t\t<\/div>\n\t\t\t\t<\/div>\n\t\t\t\t\t<\/div>\n\t\t<\/div>\n\t\t\t\t\t<\/div>\n\t\t<\/section>\n\t\t\t\t<section class=\"elementor-section elementor-top-section elementor-element elementor-element-1fa9f63 elementor-section-boxed elementor-section-height-default elementor-section-height-default\" data-id=\"1fa9f63\" data-element_type=\"section\" data-e-type=\"section\">\n\t\t\t\t\t\t<div class=\"elementor-container elementor-column-gap-default\">\n\t\t\t\t\t<div class=\"elementor-column elementor-col-20 elementor-top-column elementor-element elementor-element-1e0db68\" data-id=\"1e0db68\" data-element_type=\"column\" data-e-type=\"column\">\n\t\t\t<div class=\"elementor-widget-wrap elementor-element-populated\">\n\t\t\t\t\t\t<div class=\"elementor-element elementor-element-5ba44b5 elementor-widget elementor-widget-image\" data-id=\"5ba44b5\" data-element_type=\"widget\" data-e-type=\"widget\" data-widget_type=\"image.default\">\n\t\t\t\t<div class=\"elementor-widget-container\">\n\t\t\t\t\t\t\t\t\t\t\t\t\t\t\t<img fetchpriority=\"high\" decoding=\"async\" width=\"843\" height=\"632\" src=\"https:\/\/www.tarn.educagri.fr\/flamarens\/wp-content\/uploads\/2021\/12\/IMG_20211207_113558-1024x768.jpg\" class=\"attachment-large size-large wp-image-5320\" alt=\"sarbacanne\" srcset=\"https:\/\/www.tarn.educagri.fr\/flamarens\/wp-content\/uploads\/2021\/12\/IMG_20211207_113558-1024x768.jpg 1024w, https:\/\/www.tarn.educagri.fr\/flamarens\/wp-content\/uploads\/2021\/12\/IMG_20211207_113558-300x225.jpg 300w, https:\/\/www.tarn.educagri.fr\/flamarens\/wp-content\/uploads\/2021\/12\/IMG_20211207_113558-768x576.jpg 768w, https:\/\/www.tarn.educagri.fr\/flamarens\/wp-content\/uploads\/2021\/12\/IMG_20211207_113558-1536x1152.jpg 1536w, https:\/\/www.tarn.educagri.fr\/flamarens\/wp-content\/uploads\/2021\/12\/IMG_20211207_113558-2048x1536.jpg 2048w\" sizes=\"(max-width: 843px) 100vw, 843px\" \/>\t\t\t\t\t\t\t\t\t\t\t\t\t\t\t<\/div>\n\t\t\t\t<\/div>\n\t\t\t\t\t<\/div>\n\t\t<\/div>\n\t\t\t\t<div class=\"elementor-column elementor-col-20 elementor-top-column elementor-element elementor-element-2175a74\" data-id=\"2175a74\" data-element_type=\"column\" data-e-type=\"column\">\n\t\t\t<div class=\"elementor-widget-wrap elementor-element-populated\">\n\t\t\t\t\t\t<div class=\"elementor-element elementor-element-4076769 elementor-widget elementor-widget-image\" data-id=\"4076769\" data-element_type=\"widget\" data-e-type=\"widget\" data-widget_type=\"image.default\">\n\t\t\t\t<div class=\"elementor-widget-container\">\n\t\t\t\t\t\t\t\t\t\t\t\t\t\t\t<img decoding=\"async\" width=\"843\" height=\"706\" src=\"https:\/\/www.tarn.educagri.fr\/flamarens\/wp-content\/uploads\/2021\/12\/IMG_20211207_150941_cr-1024x858.jpg\" class=\"attachment-large size-large wp-image-5327\" alt=\"\" srcset=\"https:\/\/www.tarn.educagri.fr\/flamarens\/wp-content\/uploads\/2021\/12\/IMG_20211207_150941_cr-1024x858.jpg 1024w, https:\/\/www.tarn.educagri.fr\/flamarens\/wp-content\/uploads\/2021\/12\/IMG_20211207_150941_cr-300x251.jpg 300w, https:\/\/www.tarn.educagri.fr\/flamarens\/wp-content\/uploads\/2021\/12\/IMG_20211207_150941_cr-768x644.jpg 768w, https:\/\/www.tarn.educagri.fr\/flamarens\/wp-content\/uploads\/2021\/12\/IMG_20211207_150941_cr-1536x1287.jpg 1536w, https:\/\/www.tarn.educagri.fr\/flamarens\/wp-content\/uploads\/2021\/12\/IMG_20211207_150941_cr-2048x1717.jpg 2048w\" sizes=\"(max-width: 843px) 100vw, 843px\" \/>\t\t\t\t\t\t\t\t\t\t\t\t\t\t\t<\/div>\n\t\t\t\t<\/div>\n\t\t\t\t\t<\/div>\n\t\t<\/div>\n\t\t\t\t<div class=\"elementor-column elementor-col-20 elementor-top-column elementor-element elementor-element-77fbcd7\" data-id=\"77fbcd7\" data-element_type=\"column\" data-e-type=\"column\">\n\t\t\t<div class=\"elementor-widget-wrap elementor-element-populated\">\n\t\t\t\t\t\t<div class=\"elementor-element elementor-element-7b110ca elementor-widget elementor-widget-image\" data-id=\"7b110ca\" data-element_type=\"widget\" data-e-type=\"widget\" data-widget_type=\"image.default\">\n\t\t\t\t<div class=\"elementor-widget-container\">\n\t\t\t\t\t\t\t\t\t\t\t\t\t\t\t<img decoding=\"async\" width=\"843\" height=\"632\" src=\"https:\/\/www.tarn.educagri.fr\/flamarens\/wp-content\/uploads\/2021\/12\/IMG_20211207_084342-1024x768.jpg\" class=\"attachment-large size-large wp-image-5322\" alt=\"\" srcset=\"https:\/\/www.tarn.educagri.fr\/flamarens\/wp-content\/uploads\/2021\/12\/IMG_20211207_084342-1024x768.jpg 1024w, https:\/\/www.tarn.educagri.fr\/flamarens\/wp-content\/uploads\/2021\/12\/IMG_20211207_084342-300x225.jpg 300w, https:\/\/www.tarn.educagri.fr\/flamarens\/wp-content\/uploads\/2021\/12\/IMG_20211207_084342-768x576.jpg 768w, https:\/\/www.tarn.educagri.fr\/flamarens\/wp-content\/uploads\/2021\/12\/IMG_20211207_084342-1536x1152.jpg 1536w, https:\/\/www.tarn.educagri.fr\/flamarens\/wp-content\/uploads\/2021\/12\/IMG_20211207_084342-2048x1536.jpg 2048w\" sizes=\"(max-width: 843px) 100vw, 843px\" \/>\t\t\t\t\t\t\t\t\t\t\t\t\t\t\t<\/div>\n\t\t\t\t<\/div>\n\t\t\t\t\t<\/div>\n\t\t<\/div>\n\t\t\t\t<div class=\"elementor-column elementor-col-20 elementor-top-column elementor-element elementor-element-74d05cf\" data-id=\"74d05cf\" data-element_type=\"column\" data-e-type=\"column\">\n\t\t\t<div class=\"elementor-widget-wrap elementor-element-populated\">\n\t\t\t\t\t\t<div class=\"elementor-element elementor-element-0e2eba3 elementor-widget elementor-widget-image\" data-id=\"0e2eba3\" data-element_type=\"widget\" data-e-type=\"widget\" data-widget_type=\"image.default\">\n\t\t\t\t<div class=\"elementor-widget-container\">\n\t\t\t\t\t\t\t\t\t\t\t\t\t\t\t<img loading=\"lazy\" decoding=\"async\" width=\"843\" height=\"632\" src=\"https:\/\/www.tarn.educagri.fr\/flamarens\/wp-content\/uploads\/2021\/12\/IMG_20211207_144808-1024x768.jpg\" class=\"attachment-large size-large wp-image-5324\" alt=\"\" srcset=\"https:\/\/www.tarn.educagri.fr\/flamarens\/wp-content\/uploads\/2021\/12\/IMG_20211207_144808-1024x768.jpg 1024w, https:\/\/www.tarn.educagri.fr\/flamarens\/wp-content\/uploads\/2021\/12\/IMG_20211207_144808-300x225.jpg 300w, https:\/\/www.tarn.educagri.fr\/flamarens\/wp-content\/uploads\/2021\/12\/IMG_20211207_144808-768x576.jpg 768w, https:\/\/www.tarn.educagri.fr\/flamarens\/wp-content\/uploads\/2021\/12\/IMG_20211207_144808-1536x1152.jpg 1536w, https:\/\/www.tarn.educagri.fr\/flamarens\/wp-content\/uploads\/2021\/12\/IMG_20211207_144808-2048x1536.jpg 2048w\" sizes=\"(max-width: 843px) 100vw, 843px\" \/>\t\t\t\t\t\t\t\t\t\t\t\t\t\t\t<\/div>\n\t\t\t\t<\/div>\n\t\t\t\t\t<\/div>\n\t\t<\/div>\n\t\t\t\t<div class=\"elementor-column elementor-col-20 elementor-top-column elementor-element elementor-element-3c6a85f\" data-id=\"3c6a85f\" data-element_type=\"column\" data-e-type=\"column\">\n\t\t\t<div class=\"elementor-widget-wrap elementor-element-populated\">\n\t\t\t\t\t\t<div class=\"elementor-element elementor-element-ccc725f elementor-widget elementor-widget-image\" data-id=\"ccc725f\" data-element_type=\"widget\" data-e-type=\"widget\" data-widget_type=\"image.default\">\n\t\t\t\t<div class=\"elementor-widget-container\">\n\t\t\t\t\t\t\t\t\t\t\t\t\t\t\t<img loading=\"lazy\" decoding=\"async\" width=\"843\" height=\"706\" src=\"https:\/\/www.tarn.educagri.fr\/flamarens\/wp-content\/uploads\/2021\/12\/IMG_20211207_152726_cr-1024x858.jpg\" class=\"attachment-large size-large wp-image-5328\" alt=\"\" srcset=\"https:\/\/www.tarn.educagri.fr\/flamarens\/wp-content\/uploads\/2021\/12\/IMG_20211207_152726_cr-1024x858.jpg 1024w, https:\/\/www.tarn.educagri.fr\/flamarens\/wp-content\/uploads\/2021\/12\/IMG_20211207_152726_cr-300x251.jpg 300w, https:\/\/www.tarn.educagri.fr\/flamarens\/wp-content\/uploads\/2021\/12\/IMG_20211207_152726_cr-768x644.jpg 768w, https:\/\/www.tarn.educagri.fr\/flamarens\/wp-content\/uploads\/2021\/12\/IMG_20211207_152726_cr-1536x1287.jpg 1536w, https:\/\/www.tarn.educagri.fr\/flamarens\/wp-content\/uploads\/2021\/12\/IMG_20211207_152726_cr-2048x1717.jpg 2048w\" sizes=\"(max-width: 843px) 100vw, 843px\" \/>\t\t\t\t\t\t\t\t\t\t\t\t\t\t\t<\/div>\n\t\t\t\t<\/div>\n\t\t\t\t\t<\/div>\n\t\t<\/div>\n\t\t\t\t\t<\/div>\n\t\t<\/section>\n\t\t\t\t<section class=\"elementor-section elementor-top-section elementor-element elementor-element-bc840de elementor-section-boxed elementor-section-height-default elementor-section-height-default\" data-id=\"bc840de\" data-element_type=\"section\" data-e-type=\"section\">\n\t\t\t\t\t\t<div class=\"elementor-container elementor-column-gap-default\">\n\t\t\t\t\t<div class=\"elementor-column elementor-col-50 elementor-top-column elementor-element elementor-element-6358188\" data-id=\"6358188\" data-element_type=\"column\" data-e-type=\"column\">\n\t\t\t<div class=\"elementor-widget-wrap elementor-element-populated\">\n\t\t\t\t\t\t<div class=\"elementor-element elementor-element-c8ee1dd elementor-widget elementor-widget-image\" data-id=\"c8ee1dd\" data-element_type=\"widget\" data-e-type=\"widget\" data-widget_type=\"image.default\">\n\t\t\t\t<div class=\"elementor-widget-container\">\n\t\t\t\t\t\t\t\t\t\t\t\t\t\t\t<img loading=\"lazy\" decoding=\"async\" width=\"724\" height=\"1024\" src=\"https:\/\/www.tarn.educagri.fr\/flamarens\/wp-content\/uploads\/2021\/12\/1-724x1024.png\" class=\"attachment-large size-large wp-image-5329\" alt=\"affiche JT 2021\" srcset=\"https:\/\/www.tarn.educagri.fr\/flamarens\/wp-content\/uploads\/2021\/12\/1-724x1024.png 724w, https:\/\/www.tarn.educagri.fr\/flamarens\/wp-content\/uploads\/2021\/12\/1-212x300.png 212w, https:\/\/www.tarn.educagri.fr\/flamarens\/wp-content\/uploads\/2021\/12\/1-768x1086.png 768w, https:\/\/www.tarn.educagri.fr\/flamarens\/wp-content\/uploads\/2021\/12\/1-1086x1536.png 1086w, https:\/\/www.tarn.educagri.fr\/flamarens\/wp-content\/uploads\/2021\/12\/1.png 1414w\" sizes=\"(max-width: 724px) 100vw, 724px\" \/>\t\t\t\t\t\t\t\t\t\t\t\t\t\t\t<\/div>\n\t\t\t\t<\/div>\n\t\t\t\t\t<\/div>\n\t\t<\/div>\n\t\t\t\t<div class=\"elementor-column elementor-col-50 elementor-top-column elementor-element elementor-element-6fa05ad\" data-id=\"6fa05ad\" data-element_type=\"column\" data-e-type=\"column\">\n\t\t\t<div class=\"elementor-widget-wrap elementor-element-populated\">\n\t\t\t\t\t\t<div class=\"elementor-element elementor-element-cd2effc elementor-widget elementor-widget-image\" data-id=\"cd2effc\" data-element_type=\"widget\" data-e-type=\"widget\" data-widget_type=\"image.default\">\n\t\t\t\t<div class=\"elementor-widget-container\">\n\t\t\t\t\t\t\t\t\t\t\t\t\t\t\t<img loading=\"lazy\" decoding=\"async\" width=\"724\" height=\"1024\" src=\"https:\/\/www.tarn.educagri.fr\/flamarens\/wp-content\/uploads\/2021\/12\/2-724x1024.png\" class=\"attachment-large size-large wp-image-5330\" alt=\"intervenants JT 2021\" srcset=\"https:\/\/www.tarn.educagri.fr\/flamarens\/wp-content\/uploads\/2021\/12\/2-724x1024.png 724w, https:\/\/www.tarn.educagri.fr\/flamarens\/wp-content\/uploads\/2021\/12\/2-212x300.png 212w, https:\/\/www.tarn.educagri.fr\/flamarens\/wp-content\/uploads\/2021\/12\/2-768x1086.png 768w, https:\/\/www.tarn.educagri.fr\/flamarens\/wp-content\/uploads\/2021\/12\/2-1086x1536.png 1086w, https:\/\/www.tarn.educagri.fr\/flamarens\/wp-content\/uploads\/2021\/12\/2.png 1414w\" sizes=\"(max-width: 724px) 100vw, 724px\" \/>\t\t\t\t\t\t\t\t\t\t\t\t\t\t\t<\/div>\n\t\t\t\t<\/div>\n\t\t\t\t\t<\/div>\n\t\t<\/div>\n\t\t\t\t\t<\/div>\n\t\t<\/section>\n\t\t\t\t<\/div>\n\t\t","protected":false},"excerpt":{"rendered":"<p>Journ\u00e9e de la Tol\u00e9rance<\/p>\n","protected":false},"author":6,"featured_media":5321,"comment_status":"closed","ping_status":"closed","sticky":false,"template":"","format":"standard","meta":{"footnotes":""},"categories":[1],"tags":[],"class_list":["post-5318","post","type-post","status-publish","format-standard","has-post-thumbnail","hentry","category-non-classe"],"yoast_head":"<!-- This site is optimized with the Yoast SEO plugin v27.3 - https:\/\/yoast.com\/product\/yoast-seo-wordpress\/ -->\n<title>Journ\u00e9e de la Tol\u00e9rance - Lyc\u00e9e Flamarens Lavaur<\/title>\n<meta name=\"robots\" content=\"index, follow, max-snippet:-1, max-image-preview:large, max-video-preview:-1\" \/>\n<link rel=\"canonical\" href=\"https:\/\/www.tarn.educagri.fr\/flamarens\/journee-de-la-tolerance\/\" \/>\n<meta property=\"og:locale\" content=\"fr_FR\" \/>\n<meta property=\"og:type\" content=\"article\" \/>\n<meta property=\"og:title\" content=\"Journ\u00e9e de la Tol\u00e9rance - Lyc\u00e9e Flamarens Lavaur\" \/>\n<meta property=\"og:description\" content=\"Journ\u00e9e de la Tol\u00e9rance\" \/>\n<meta property=\"og:url\" content=\"https:\/\/www.tarn.educagri.fr\/flamarens\/journee-de-la-tolerance\/\" \/>\n<meta property=\"og:site_name\" content=\"Lyc\u00e9e Flamarens Lavaur\" \/>\n<meta property=\"article:published_time\" content=\"2021-12-09T13:28:46+00:00\" \/>\n<meta property=\"article:modified_time\" content=\"2021-12-09T13:34:52+00:00\" \/>\n<meta property=\"og:image\" content=\"https:\/\/www.tarn.educagri.fr\/flamarens\/wp-content\/uploads\/2021\/12\/IMG_20211208_213647_725.jpg\" \/>\n\t<meta property=\"og:image:width\" content=\"1080\" \/>\n\t<meta property=\"og:image:height\" content=\"1080\" \/>\n\t<meta property=\"og:image:type\" content=\"image\/jpeg\" \/>\n<meta name=\"author\" content=\"Marie SCHMIDT\" \/>\n<meta name=\"twitter:card\" content=\"summary_large_image\" \/>\n<meta name=\"twitter:label1\" content=\"\u00c9crit par\" \/>\n\t<meta name=\"twitter:data1\" content=\"Marie SCHMIDT\" \/>\n\t<meta name=\"twitter:label2\" content=\"Dur\u00e9e de lecture estim\u00e9e\" \/>\n\t<meta name=\"twitter:data2\" content=\"2 minutes\" \/>\n<script type=\"application\/ld+json\" class=\"yoast-schema-graph\">{\"@context\":\"https:\\\/\\\/schema.org\",\"@graph\":[{\"@type\":\"Article\",\"@id\":\"https:\\\/\\\/www.tarn.educagri.fr\\\/flamarens\\\/journee-de-la-tolerance\\\/#article\",\"isPartOf\":{\"@id\":\"https:\\\/\\\/www.tarn.educagri.fr\\\/flamarens\\\/journee-de-la-tolerance\\\/\"},\"author\":{\"name\":\"Marie SCHMIDT\",\"@id\":\"https:\\\/\\\/www.tarn.educagri.fr\\\/flamarens\\\/#\\\/schema\\\/person\\\/5bff1f3a6e7f4bada34a52f3ffd914c2\"},\"headline\":\"Journ\u00e9e de la Tol\u00e9rance\",\"datePublished\":\"2021-12-09T13:28:46+00:00\",\"dateModified\":\"2021-12-09T13:34:52+00:00\",\"mainEntityOfPage\":{\"@id\":\"https:\\\/\\\/www.tarn.educagri.fr\\\/flamarens\\\/journee-de-la-tolerance\\\/\"},\"wordCount\":12,\"publisher\":{\"@id\":\"https:\\\/\\\/www.tarn.educagri.fr\\\/flamarens\\\/#organization\"},\"image\":{\"@id\":\"https:\\\/\\\/www.tarn.educagri.fr\\\/flamarens\\\/journee-de-la-tolerance\\\/#primaryimage\"},\"thumbnailUrl\":\"https:\\\/\\\/www.tarn.educagri.fr\\\/flamarens\\\/wp-content\\\/uploads\\\/2021\\\/12\\\/IMG_20211208_213647_725.jpg\",\"inLanguage\":\"fr-FR\"},{\"@type\":\"WebPage\",\"@id\":\"https:\\\/\\\/www.tarn.educagri.fr\\\/flamarens\\\/journee-de-la-tolerance\\\/\",\"url\":\"https:\\\/\\\/www.tarn.educagri.fr\\\/flamarens\\\/journee-de-la-tolerance\\\/\",\"name\":\"Journ\u00e9e de la Tol\u00e9rance - Lyc\u00e9e Flamarens Lavaur\",\"isPartOf\":{\"@id\":\"https:\\\/\\\/www.tarn.educagri.fr\\\/flamarens\\\/#website\"},\"primaryImageOfPage\":{\"@id\":\"https:\\\/\\\/www.tarn.educagri.fr\\\/flamarens\\\/journee-de-la-tolerance\\\/#primaryimage\"},\"image\":{\"@id\":\"https:\\\/\\\/www.tarn.educagri.fr\\\/flamarens\\\/journee-de-la-tolerance\\\/#primaryimage\"},\"thumbnailUrl\":\"https:\\\/\\\/www.tarn.educagri.fr\\\/flamarens\\\/wp-content\\\/uploads\\\/2021\\\/12\\\/IMG_20211208_213647_725.jpg\",\"datePublished\":\"2021-12-09T13:28:46+00:00\",\"dateModified\":\"2021-12-09T13:34:52+00:00\",\"breadcrumb\":{\"@id\":\"https:\\\/\\\/www.tarn.educagri.fr\\\/flamarens\\\/journee-de-la-tolerance\\\/#breadcrumb\"},\"inLanguage\":\"fr-FR\",\"potentialAction\":[{\"@type\":\"ReadAction\",\"target\":[\"https:\\\/\\\/www.tarn.educagri.fr\\\/flamarens\\\/journee-de-la-tolerance\\\/\"]}]},{\"@type\":\"ImageObject\",\"inLanguage\":\"fr-FR\",\"@id\":\"https:\\\/\\\/www.tarn.educagri.fr\\\/flamarens\\\/journee-de-la-tolerance\\\/#primaryimage\",\"url\":\"https:\\\/\\\/www.tarn.educagri.fr\\\/flamarens\\\/wp-content\\\/uploads\\\/2021\\\/12\\\/IMG_20211208_213647_725.jpg\",\"contentUrl\":\"https:\\\/\\\/www.tarn.educagri.fr\\\/flamarens\\\/wp-content\\\/uploads\\\/2021\\\/12\\\/IMG_20211208_213647_725.jpg\",\"width\":1080,\"height\":1080},{\"@type\":\"BreadcrumbList\",\"@id\":\"https:\\\/\\\/www.tarn.educagri.fr\\\/flamarens\\\/journee-de-la-tolerance\\\/#breadcrumb\",\"itemListElement\":[{\"@type\":\"ListItem\",\"position\":1,\"name\":\"Accueil\",\"item\":\"https:\\\/\\\/www.tarn.educagri.fr\\\/flamarens\\\/\"},{\"@type\":\"ListItem\",\"position\":2,\"name\":\"Journ\u00e9e de la Tol\u00e9rance\"}]},{\"@type\":\"WebSite\",\"@id\":\"https:\\\/\\\/www.tarn.educagri.fr\\\/flamarens\\\/#website\",\"url\":\"https:\\\/\\\/www.tarn.educagri.fr\\\/flamarens\\\/\",\"name\":\"Lyc\u00e9e Flamarens Lavaur\",\"description\":\"Le campus des possibles\",\"publisher\":{\"@id\":\"https:\\\/\\\/www.tarn.educagri.fr\\\/flamarens\\\/#organization\"},\"potentialAction\":[{\"@type\":\"SearchAction\",\"target\":{\"@type\":\"EntryPoint\",\"urlTemplate\":\"https:\\\/\\\/www.tarn.educagri.fr\\\/flamarens\\\/?s={search_term_string}\"},\"query-input\":{\"@type\":\"PropertyValueSpecification\",\"valueRequired\":true,\"valueName\":\"search_term_string\"}}],\"inLanguage\":\"fr-FR\"},{\"@type\":\"Organization\",\"@id\":\"https:\\\/\\\/www.tarn.educagri.fr\\\/flamarens\\\/#organization\",\"name\":\"Etablissement agro environnemental du Tarn\",\"url\":\"https:\\\/\\\/www.tarn.educagri.fr\\\/flamarens\\\/\",\"logo\":{\"@type\":\"ImageObject\",\"inLanguage\":\"fr-FR\",\"@id\":\"https:\\\/\\\/www.tarn.educagri.fr\\\/flamarens\\\/#\\\/schema\\\/logo\\\/image\\\/\",\"url\":\"https:\\\/\\\/www.tarn.educagri.fr\\\/flamarens\\\/wp-content\\\/uploads\\\/2018\\\/05\\\/logo-EPl.jpg\",\"contentUrl\":\"https:\\\/\\\/www.tarn.educagri.fr\\\/flamarens\\\/wp-content\\\/uploads\\\/2018\\\/05\\\/logo-EPl.jpg\",\"width\":624,\"height\":624,\"caption\":\"Etablissement agro environnemental du Tarn\"},\"image\":{\"@id\":\"https:\\\/\\\/www.tarn.educagri.fr\\\/flamarens\\\/#\\\/schema\\\/logo\\\/image\\\/\"}},{\"@type\":\"Person\",\"@id\":\"https:\\\/\\\/www.tarn.educagri.fr\\\/flamarens\\\/#\\\/schema\\\/person\\\/5bff1f3a6e7f4bada34a52f3ffd914c2\",\"name\":\"Marie SCHMIDT\",\"image\":{\"@type\":\"ImageObject\",\"inLanguage\":\"fr-FR\",\"@id\":\"https:\\\/\\\/secure.gravatar.com\\\/avatar\\\/2bd3fa8b991b0d7b5453824e1ab84c48e205472ce59b60d7a226d0606517f907?s=96&d=mm&r=g\",\"url\":\"https:\\\/\\\/secure.gravatar.com\\\/avatar\\\/2bd3fa8b991b0d7b5453824e1ab84c48e205472ce59b60d7a226d0606517f907?s=96&d=mm&r=g\",\"contentUrl\":\"https:\\\/\\\/secure.gravatar.com\\\/avatar\\\/2bd3fa8b991b0d7b5453824e1ab84c48e205472ce59b60d7a226d0606517f907?s=96&d=mm&r=g\",\"caption\":\"Marie SCHMIDT\"}}]}<\/script>\n<!-- \/ Yoast SEO plugin. -->","yoast_head_json":{"title":"Journ\u00e9e de la Tol\u00e9rance - Lyc\u00e9e Flamarens Lavaur","robots":{"index":"index","follow":"follow","max-snippet":"max-snippet:-1","max-image-preview":"max-image-preview:large","max-video-preview":"max-video-preview:-1"},"canonical":"https:\/\/www.tarn.educagri.fr\/flamarens\/journee-de-la-tolerance\/","og_locale":"fr_FR","og_type":"article","og_title":"Journ\u00e9e de la Tol\u00e9rance - Lyc\u00e9e Flamarens Lavaur","og_description":"Journ\u00e9e de la Tol\u00e9rance","og_url":"https:\/\/www.tarn.educagri.fr\/flamarens\/journee-de-la-tolerance\/","og_site_name":"Lyc\u00e9e Flamarens Lavaur","article_published_time":"2021-12-09T13:28:46+00:00","article_modified_time":"2021-12-09T13:34:52+00:00","og_image":[{"width":1080,"height":1080,"url":"https:\/\/www.tarn.educagri.fr\/flamarens\/wp-content\/uploads\/2021\/12\/IMG_20211208_213647_725.jpg","type":"image\/jpeg"}],"author":"Marie SCHMIDT","twitter_card":"summary_large_image","twitter_misc":{"\u00c9crit par":"Marie SCHMIDT","Dur\u00e9e de lecture estim\u00e9e":"2 minutes"},"schema":{"@context":"https:\/\/schema.org","@graph":[{"@type":"Article","@id":"https:\/\/www.tarn.educagri.fr\/flamarens\/journee-de-la-tolerance\/#article","isPartOf":{"@id":"https:\/\/www.tarn.educagri.fr\/flamarens\/journee-de-la-tolerance\/"},"author":{"name":"Marie SCHMIDT","@id":"https:\/\/www.tarn.educagri.fr\/flamarens\/#\/schema\/person\/5bff1f3a6e7f4bada34a52f3ffd914c2"},"headline":"Journ\u00e9e de la Tol\u00e9rance","datePublished":"2021-12-09T13:28:46+00:00","dateModified":"2021-12-09T13:34:52+00:00","mainEntityOfPage":{"@id":"https:\/\/www.tarn.educagri.fr\/flamarens\/journee-de-la-tolerance\/"},"wordCount":12,"publisher":{"@id":"https:\/\/www.tarn.educagri.fr\/flamarens\/#organization"},"image":{"@id":"https:\/\/www.tarn.educagri.fr\/flamarens\/journee-de-la-tolerance\/#primaryimage"},"thumbnailUrl":"https:\/\/www.tarn.educagri.fr\/flamarens\/wp-content\/uploads\/2021\/12\/IMG_20211208_213647_725.jpg","inLanguage":"fr-FR"},{"@type":"WebPage","@id":"https:\/\/www.tarn.educagri.fr\/flamarens\/journee-de-la-tolerance\/","url":"https:\/\/www.tarn.educagri.fr\/flamarens\/journee-de-la-tolerance\/","name":"Journ\u00e9e de la Tol\u00e9rance - Lyc\u00e9e Flamarens Lavaur","isPartOf":{"@id":"https:\/\/www.tarn.educagri.fr\/flamarens\/#website"},"primaryImageOfPage":{"@id":"https:\/\/www.tarn.educagri.fr\/flamarens\/journee-de-la-tolerance\/#primaryimage"},"image":{"@id":"https:\/\/www.tarn.educagri.fr\/flamarens\/journee-de-la-tolerance\/#primaryimage"},"thumbnailUrl":"https:\/\/www.tarn.educagri.fr\/flamarens\/wp-content\/uploads\/2021\/12\/IMG_20211208_213647_725.jpg","datePublished":"2021-12-09T13:28:46+00:00","dateModified":"2021-12-09T13:34:52+00:00","breadcrumb":{"@id":"https:\/\/www.tarn.educagri.fr\/flamarens\/journee-de-la-tolerance\/#breadcrumb"},"inLanguage":"fr-FR","potentialAction":[{"@type":"ReadAction","target":["https:\/\/www.tarn.educagri.fr\/flamarens\/journee-de-la-tolerance\/"]}]},{"@type":"ImageObject","inLanguage":"fr-FR","@id":"https:\/\/www.tarn.educagri.fr\/flamarens\/journee-de-la-tolerance\/#primaryimage","url":"https:\/\/www.tarn.educagri.fr\/flamarens\/wp-content\/uploads\/2021\/12\/IMG_20211208_213647_725.jpg","contentUrl":"https:\/\/www.tarn.educagri.fr\/flamarens\/wp-content\/uploads\/2021\/12\/IMG_20211208_213647_725.jpg","width":1080,"height":1080},{"@type":"BreadcrumbList","@id":"https:\/\/www.tarn.educagri.fr\/flamarens\/journee-de-la-tolerance\/#breadcrumb","itemListElement":[{"@type":"ListItem","position":1,"name":"Accueil","item":"https:\/\/www.tarn.educagri.fr\/flamarens\/"},{"@type":"ListItem","position":2,"name":"Journ\u00e9e de la Tol\u00e9rance"}]},{"@type":"WebSite","@id":"https:\/\/www.tarn.educagri.fr\/flamarens\/#website","url":"https:\/\/www.tarn.educagri.fr\/flamarens\/","name":"Lyc\u00e9e Flamarens Lavaur","description":"Le campus des possibles","publisher":{"@id":"https:\/\/www.tarn.educagri.fr\/flamarens\/#organization"},"potentialAction":[{"@type":"SearchAction","target":{"@type":"EntryPoint","urlTemplate":"https:\/\/www.tarn.educagri.fr\/flamarens\/?s={search_term_string}"},"query-input":{"@type":"PropertyValueSpecification","valueRequired":true,"valueName":"search_term_string"}}],"inLanguage":"fr-FR"},{"@type":"Organization","@id":"https:\/\/www.tarn.educagri.fr\/flamarens\/#organization","name":"Etablissement agro environnemental du Tarn","url":"https:\/\/www.tarn.educagri.fr\/flamarens\/","logo":{"@type":"ImageObject","inLanguage":"fr-FR","@id":"https:\/\/www.tarn.educagri.fr\/flamarens\/#\/schema\/logo\/image\/","url":"https:\/\/www.tarn.educagri.fr\/flamarens\/wp-content\/uploads\/2018\/05\/logo-EPl.jpg","contentUrl":"https:\/\/www.tarn.educagri.fr\/flamarens\/wp-content\/uploads\/2018\/05\/logo-EPl.jpg","width":624,"height":624,"caption":"Etablissement agro environnemental du Tarn"},"image":{"@id":"https:\/\/www.tarn.educagri.fr\/flamarens\/#\/schema\/logo\/image\/"}},{"@type":"Person","@id":"https:\/\/www.tarn.educagri.fr\/flamarens\/#\/schema\/person\/5bff1f3a6e7f4bada34a52f3ffd914c2","name":"Marie SCHMIDT","image":{"@type":"ImageObject","inLanguage":"fr-FR","@id":"https:\/\/secure.gravatar.com\/avatar\/2bd3fa8b991b0d7b5453824e1ab84c48e205472ce59b60d7a226d0606517f907?s=96&d=mm&r=g","url":"https:\/\/secure.gravatar.com\/avatar\/2bd3fa8b991b0d7b5453824e1ab84c48e205472ce59b60d7a226d0606517f907?s=96&d=mm&r=g","contentUrl":"https:\/\/secure.gravatar.com\/avatar\/2bd3fa8b991b0d7b5453824e1ab84c48e205472ce59b60d7a226d0606517f907?s=96&d=mm&r=g","caption":"Marie SCHMIDT"}}]}},"_links":{"self":[{"href":"https:\/\/www.tarn.educagri.fr\/flamarens\/wp-json\/wp\/v2\/posts\/5318","targetHints":{"allow":["GET"]}}],"collection":[{"href":"https:\/\/www.tarn.educagri.fr\/flamarens\/wp-json\/wp\/v2\/posts"}],"about":[{"href":"https:\/\/www.tarn.educagri.fr\/flamarens\/wp-json\/wp\/v2\/types\/post"}],"author":[{"embeddable":true,"href":"https:\/\/www.tarn.educagri.fr\/flamarens\/wp-json\/wp\/v2\/users\/6"}],"replies":[{"embeddable":true,"href":"https:\/\/www.tarn.educagri.fr\/flamarens\/wp-json\/wp\/v2\/comments?post=5318"}],"version-history":[{"count":7,"href":"https:\/\/www.tarn.educagri.fr\/flamarens\/wp-json\/wp\/v2\/posts\/5318\/revisions"}],"predecessor-version":[{"id":5336,"href":"https:\/\/www.tarn.educagri.fr\/flamarens\/wp-json\/wp\/v2\/posts\/5318\/revisions\/5336"}],"wp:featuredmedia":[{"embeddable":true,"href":"https:\/\/www.tarn.educagri.fr\/flamarens\/wp-json\/wp\/v2\/media\/5321"}],"wp:attachment":[{"href":"https:\/\/www.tarn.educagri.fr\/flamarens\/wp-json\/wp\/v2\/media?parent=5318"}],"wp:term":[{"taxonomy":"category","embeddable":true,"href":"https:\/\/www.tarn.educagri.fr\/flamarens\/wp-json\/wp\/v2\/categories?post=5318"},{"taxonomy":"post_tag","embeddable":true,"href":"https:\/\/www.tarn.educagri.fr\/flamarens\/wp-json\/wp\/v2\/tags?post=5318"}],"curies":[{"name":"wp","href":"https:\/\/api.w.org\/{rel}","templated":true}]}}