{"id":5655,"date":"2022-04-04T10:55:31","date_gmt":"2022-04-04T09:55:31","guid":{"rendered":"https:\/\/www.tarn.educagri.fr\/flamarens\/?p=5655"},"modified":"2022-04-04T10:55:55","modified_gmt":"2022-04-04T09:55:55","slug":"elementor-5655","status":"publish","type":"post","link":"https:\/\/www.tarn.educagri.fr\/flamarens\/elementor-5655\/","title":{"rendered":"Le groupe \u00ab\u00a0CLASS\u00a0\u00bb CAPA MA1"},"content":{"rendered":"\t\t<div data-elementor-type=\"wp-post\" data-elementor-id=\"5655\" class=\"elementor elementor-5655\" data-elementor-post-type=\"post\">\n\t\t\t\t\t\t<section class=\"elementor-section elementor-top-section elementor-element elementor-element-5d5c14e elementor-section-boxed elementor-section-height-default elementor-section-height-default\" data-id=\"5d5c14e\" data-element_type=\"section\" data-e-type=\"section\">\n\t\t\t\t\t\t<div class=\"elementor-container elementor-column-gap-default\">\n\t\t\t\t\t<div class=\"elementor-column elementor-col-20 elementor-top-column elementor-element elementor-element-3f21058\" data-id=\"3f21058\" data-element_type=\"column\" data-e-type=\"column\">\n\t\t\t<div class=\"elementor-widget-wrap elementor-element-populated\">\n\t\t\t\t\t\t<div class=\"elementor-element elementor-element-631e1c9 elementor-widget elementor-widget-image\" data-id=\"631e1c9\" data-element_type=\"widget\" data-e-type=\"widget\" data-widget_type=\"image.default\">\n\t\t\t\t<div class=\"elementor-widget-container\">\n\t\t\t\t\t\t\t\t\t\t\t\t<figure class=\"wp-caption\">\n\t\t\t\t\t\t\t\t\t\t<img fetchpriority=\"high\" decoding=\"async\" width=\"843\" height=\"632\" src=\"https:\/\/www.tarn.educagri.fr\/flamarens\/wp-content\/uploads\/2022\/04\/Decouverte-cabine-tracteur-1024x768.jpg\" class=\"attachment-large size-large wp-image-5657\" alt=\"D\u00e9couverte cabine tracteur\" srcset=\"https:\/\/www.tarn.educagri.fr\/flamarens\/wp-content\/uploads\/2022\/04\/Decouverte-cabine-tracteur-1024x768.jpg 1024w, https:\/\/www.tarn.educagri.fr\/flamarens\/wp-content\/uploads\/2022\/04\/Decouverte-cabine-tracteur-300x225.jpg 300w, https:\/\/www.tarn.educagri.fr\/flamarens\/wp-content\/uploads\/2022\/04\/Decouverte-cabine-tracteur-768x576.jpg 768w, https:\/\/www.tarn.educagri.fr\/flamarens\/wp-content\/uploads\/2022\/04\/Decouverte-cabine-tracteur-1536x1152.jpg 1536w, https:\/\/www.tarn.educagri.fr\/flamarens\/wp-content\/uploads\/2022\/04\/Decouverte-cabine-tracteur-2048x1536.jpg 2048w\" sizes=\"(max-width: 843px) 100vw, 843px\" \/>\t\t\t\t\t\t\t\t\t\t\t<figcaption class=\"widget-image-caption wp-caption-text\">D\u00e9couverte cabine tracteur<\/figcaption>\n\t\t\t\t\t\t\t\t\t\t<\/figure>\n\t\t\t\t\t\t\t\t\t<\/div>\n\t\t\t\t<\/div>\n\t\t\t\t\t<\/div>\n\t\t<\/div>\n\t\t\t\t<div class=\"elementor-column elementor-col-20 elementor-top-column elementor-element elementor-element-711ab1c\" data-id=\"711ab1c\" data-element_type=\"column\" data-e-type=\"column\">\n\t\t\t<div class=\"elementor-widget-wrap elementor-element-populated\">\n\t\t\t\t\t\t<div class=\"elementor-element elementor-element-04963e9 elementor-widget elementor-widget-image\" data-id=\"04963e9\" data-element_type=\"widget\" data-e-type=\"widget\" data-widget_type=\"image.default\">\n\t\t\t\t<div class=\"elementor-widget-container\">\n\t\t\t\t\t\t\t\t\t\t\t\t<figure class=\"wp-caption\">\n\t\t\t\t\t\t\t\t\t\t<img decoding=\"async\" width=\"843\" height=\"632\" src=\"https:\/\/www.tarn.educagri.fr\/flamarens\/wp-content\/uploads\/2022\/04\/Filtre-a-air-1024x768.jpg\" class=\"attachment-large size-large wp-image-5658\" alt=\"Filtre \u00e0 air\" srcset=\"https:\/\/www.tarn.educagri.fr\/flamarens\/wp-content\/uploads\/2022\/04\/Filtre-a-air-1024x768.jpg 1024w, https:\/\/www.tarn.educagri.fr\/flamarens\/wp-content\/uploads\/2022\/04\/Filtre-a-air-300x225.jpg 300w, https:\/\/www.tarn.educagri.fr\/flamarens\/wp-content\/uploads\/2022\/04\/Filtre-a-air-768x576.jpg 768w, https:\/\/www.tarn.educagri.fr\/flamarens\/wp-content\/uploads\/2022\/04\/Filtre-a-air-1536x1152.jpg 1536w, https:\/\/www.tarn.educagri.fr\/flamarens\/wp-content\/uploads\/2022\/04\/Filtre-a-air-2048x1536.jpg 2048w\" sizes=\"(max-width: 843px) 100vw, 843px\" \/>\t\t\t\t\t\t\t\t\t\t\t<figcaption class=\"widget-image-caption wp-caption-text\">Filtre \u00e0 air<\/figcaption>\n\t\t\t\t\t\t\t\t\t\t<\/figure>\n\t\t\t\t\t\t\t\t\t<\/div>\n\t\t\t\t<\/div>\n\t\t\t\t\t<\/div>\n\t\t<\/div>\n\t\t\t\t<div class=\"elementor-column elementor-col-20 elementor-top-column elementor-element elementor-element-f3a3dc7\" data-id=\"f3a3dc7\" data-element_type=\"column\" data-e-type=\"column\">\n\t\t\t<div class=\"elementor-widget-wrap elementor-element-populated\">\n\t\t\t\t\t\t<div class=\"elementor-element elementor-element-4bfdec0 elementor-widget elementor-widget-image\" data-id=\"4bfdec0\" data-element_type=\"widget\" data-e-type=\"widget\" data-widget_type=\"image.default\">\n\t\t\t\t<div class=\"elementor-widget-container\">\n\t\t\t\t\t\t\t\t\t\t\t\t<figure class=\"wp-caption\">\n\t\t\t\t\t\t\t\t\t\t<img decoding=\"async\" width=\"768\" height=\"1024\" src=\"https:\/\/www.tarn.educagri.fr\/flamarens\/wp-content\/uploads\/2022\/04\/Filtre-a-Gazole-768x1024.jpg\" class=\"attachment-large size-large wp-image-5659\" alt=\"Filtre \u00e0 Gazole\" srcset=\"https:\/\/www.tarn.educagri.fr\/flamarens\/wp-content\/uploads\/2022\/04\/Filtre-a-Gazole-768x1024.jpg 768w, https:\/\/www.tarn.educagri.fr\/flamarens\/wp-content\/uploads\/2022\/04\/Filtre-a-Gazole-225x300.jpg 225w, https:\/\/www.tarn.educagri.fr\/flamarens\/wp-content\/uploads\/2022\/04\/Filtre-a-Gazole-1152x1536.jpg 1152w, https:\/\/www.tarn.educagri.fr\/flamarens\/wp-content\/uploads\/2022\/04\/Filtre-a-Gazole-1536x2048.jpg 1536w, https:\/\/www.tarn.educagri.fr\/flamarens\/wp-content\/uploads\/2022\/04\/Filtre-a-Gazole-scaled.jpg 1920w\" sizes=\"(max-width: 768px) 100vw, 768px\" \/>\t\t\t\t\t\t\t\t\t\t\t<figcaption class=\"widget-image-caption wp-caption-text\">Filtre \u00e0 Gazole<\/figcaption>\n\t\t\t\t\t\t\t\t\t\t<\/figure>\n\t\t\t\t\t\t\t\t\t<\/div>\n\t\t\t\t<\/div>\n\t\t\t\t\t<\/div>\n\t\t<\/div>\n\t\t\t\t<div class=\"elementor-column elementor-col-20 elementor-top-column elementor-element elementor-element-69afd89\" data-id=\"69afd89\" data-element_type=\"column\" data-e-type=\"column\">\n\t\t\t<div class=\"elementor-widget-wrap elementor-element-populated\">\n\t\t\t\t\t\t<div class=\"elementor-element elementor-element-82112b6 elementor-widget elementor-widget-image\" data-id=\"82112b6\" data-element_type=\"widget\" data-e-type=\"widget\" data-widget_type=\"image.default\">\n\t\t\t\t<div class=\"elementor-widget-container\">\n\t\t\t\t\t\t\t\t\t\t\t\t<figure class=\"wp-caption\">\n\t\t\t\t\t\t\t\t\t\t<img loading=\"lazy\" decoding=\"async\" width=\"768\" height=\"1024\" src=\"https:\/\/www.tarn.educagri.fr\/flamarens\/wp-content\/uploads\/2022\/04\/Nettoyage-cabine-768x1024.jpg\" class=\"attachment-large size-large wp-image-5663\" alt=\"Nettoyage cabine\" srcset=\"https:\/\/www.tarn.educagri.fr\/flamarens\/wp-content\/uploads\/2022\/04\/Nettoyage-cabine-768x1024.jpg 768w, https:\/\/www.tarn.educagri.fr\/flamarens\/wp-content\/uploads\/2022\/04\/Nettoyage-cabine-225x300.jpg 225w, https:\/\/www.tarn.educagri.fr\/flamarens\/wp-content\/uploads\/2022\/04\/Nettoyage-cabine-1152x1536.jpg 1152w, https:\/\/www.tarn.educagri.fr\/flamarens\/wp-content\/uploads\/2022\/04\/Nettoyage-cabine-1536x2048.jpg 1536w, https:\/\/www.tarn.educagri.fr\/flamarens\/wp-content\/uploads\/2022\/04\/Nettoyage-cabine-scaled.jpg 1920w\" sizes=\"(max-width: 768px) 100vw, 768px\" \/>\t\t\t\t\t\t\t\t\t\t\t<figcaption class=\"widget-image-caption wp-caption-text\">Nettoyage de la cabine<\/figcaption>\n\t\t\t\t\t\t\t\t\t\t<\/figure>\n\t\t\t\t\t\t\t\t\t<\/div>\n\t\t\t\t<\/div>\n\t\t\t\t\t<\/div>\n\t\t<\/div>\n\t\t\t\t<div class=\"elementor-column elementor-col-20 elementor-top-column elementor-element elementor-element-b69da23\" data-id=\"b69da23\" data-element_type=\"column\" data-e-type=\"column\">\n\t\t\t<div class=\"elementor-widget-wrap elementor-element-populated\">\n\t\t\t\t\t\t<div class=\"elementor-element elementor-element-2f6ac0f elementor-widget elementor-widget-image\" data-id=\"2f6ac0f\" data-element_type=\"widget\" data-e-type=\"widget\" data-widget_type=\"image.default\">\n\t\t\t\t<div class=\"elementor-widget-container\">\n\t\t\t\t\t\t\t\t\t\t\t\t<figure class=\"wp-caption\">\n\t\t\t\t\t\t\t\t\t\t<img loading=\"lazy\" decoding=\"async\" width=\"843\" height=\"632\" src=\"https:\/\/www.tarn.educagri.fr\/flamarens\/wp-content\/uploads\/2022\/04\/Montee-en-3-points-1024x768.jpg\" class=\"attachment-large size-large wp-image-5661\" alt=\"Mont\u00e9e en 3 points\" srcset=\"https:\/\/www.tarn.educagri.fr\/flamarens\/wp-content\/uploads\/2022\/04\/Montee-en-3-points-1024x768.jpg 1024w, https:\/\/www.tarn.educagri.fr\/flamarens\/wp-content\/uploads\/2022\/04\/Montee-en-3-points-300x225.jpg 300w, https:\/\/www.tarn.educagri.fr\/flamarens\/wp-content\/uploads\/2022\/04\/Montee-en-3-points-768x576.jpg 768w, https:\/\/www.tarn.educagri.fr\/flamarens\/wp-content\/uploads\/2022\/04\/Montee-en-3-points-1536x1152.jpg 1536w, https:\/\/www.tarn.educagri.fr\/flamarens\/wp-content\/uploads\/2022\/04\/Montee-en-3-points-2048x1536.jpg 2048w\" sizes=\"(max-width: 843px) 100vw, 843px\" \/>\t\t\t\t\t\t\t\t\t\t\t<figcaption class=\"widget-image-caption wp-caption-text\">Mont\u00e9e en 3 points<\/figcaption>\n\t\t\t\t\t\t\t\t\t\t<\/figure>\n\t\t\t\t\t\t\t\t\t<\/div>\n\t\t\t\t<\/div>\n\t\t\t\t\t<\/div>\n\t\t<\/div>\n\t\t\t\t\t<\/div>\n\t\t<\/section>\n\t\t\t\t<section class=\"elementor-section elementor-top-section elementor-element elementor-element-053a6a6 elementor-section-boxed elementor-section-height-default elementor-section-height-default\" data-id=\"053a6a6\" data-element_type=\"section\" data-e-type=\"section\">\n\t\t\t\t\t\t<div class=\"elementor-container elementor-column-gap-default\">\n\t\t\t\t\t<div class=\"elementor-column elementor-col-100 elementor-top-column elementor-element elementor-element-bc25c0f\" data-id=\"bc25c0f\" data-element_type=\"column\" data-e-type=\"column\">\n\t\t\t<div class=\"elementor-widget-wrap elementor-element-populated\">\n\t\t\t\t\t\t<div class=\"elementor-element elementor-element-3794fa8 elementor-widget elementor-widget-text-editor\" data-id=\"3794fa8\" data-element_type=\"widget\" data-e-type=\"widget\" data-widget_type=\"text-editor.default\">\n\t\t\t\t<div class=\"elementor-widget-container\">\n\t\t\t\t\t\t\t\t\t<p>Apr\u00e8s les cours th\u00e9oriques sur la maintenance d&rsquo;un tracteur, les diff\u00e9rents \u00e9l\u00e9ments de filtration ont \u00e9t\u00e9 rep\u00e9r\u00e9s sur un tracteur de marque CLASS 450 arion.<br \/>La d\u00e9couverte de la cabine donne envie aux jeunes d&rsquo;en savoir plus sur le fonctionnement du tracteur<\/p>\t\t\t\t\t\t\t\t<\/div>\n\t\t\t\t<\/div>\n\t\t\t\t\t<\/div>\n\t\t<\/div>\n\t\t\t\t\t<\/div>\n\t\t<\/section>\n\t\t\t\t<\/div>\n\t\t","protected":false},"excerpt":{"rendered":"<p>D\u00e9couverte cabine tracteur Filtre \u00e0 air Filtre \u00e0 Gazole Nettoyage de la cabine Mont\u00e9e en 3 points Apr\u00e8s les cours th\u00e9oriques sur la maintenance d&rsquo;un&hellip;<\/p>\n","protected":false},"author":6,"featured_media":5660,"comment_status":"closed","ping_status":"closed","sticky":false,"template":"","format":"standard","meta":{"footnotes":""},"categories":[1],"tags":[],"class_list":["post-5655","post","type-post","status-publish","format-standard","has-post-thumbnail","hentry","category-non-classe"],"yoast_head":"<!-- This site is optimized with the Yoast SEO plugin v27.3 - https:\/\/yoast.com\/product\/yoast-seo-wordpress\/ -->\n<title>Le groupe &quot;CLASS&quot; CAPA MA1 - Lyc\u00e9e Flamarens Lavaur<\/title>\n<meta name=\"robots\" content=\"index, follow, max-snippet:-1, max-image-preview:large, max-video-preview:-1\" \/>\n<link rel=\"canonical\" href=\"https:\/\/www.tarn.educagri.fr\/flamarens\/elementor-5655\/\" \/>\n<meta property=\"og:locale\" content=\"fr_FR\" \/>\n<meta property=\"og:type\" content=\"article\" \/>\n<meta property=\"og:title\" content=\"Le groupe &quot;CLASS&quot; CAPA MA1 - Lyc\u00e9e Flamarens Lavaur\" \/>\n<meta property=\"og:description\" content=\"D\u00e9couverte cabine tracteur Filtre \u00e0 air Filtre \u00e0 Gazole Nettoyage de la cabine Mont\u00e9e en 3 points Apr\u00e8s les cours th\u00e9oriques sur la maintenance d&rsquo;un&hellip;\" \/>\n<meta property=\"og:url\" content=\"https:\/\/www.tarn.educagri.fr\/flamarens\/elementor-5655\/\" \/>\n<meta property=\"og:site_name\" content=\"Lyc\u00e9e Flamarens Lavaur\" \/>\n<meta property=\"article:published_time\" content=\"2022-04-04T09:55:31+00:00\" \/>\n<meta property=\"article:modified_time\" content=\"2022-04-04T09:55:55+00:00\" \/>\n<meta property=\"og:image\" content=\"https:\/\/www.tarn.educagri.fr\/flamarens\/wp-content\/uploads\/2022\/04\/Groupe-Class-CAPA-MA1-scaled.jpg\" \/>\n\t<meta property=\"og:image:width\" content=\"2560\" \/>\n\t<meta property=\"og:image:height\" content=\"1920\" \/>\n\t<meta property=\"og:image:type\" content=\"image\/jpeg\" \/>\n<meta name=\"author\" content=\"Marie SCHMIDT\" \/>\n<meta name=\"twitter:card\" content=\"summary_large_image\" \/>\n<meta name=\"twitter:label1\" content=\"\u00c9crit par\" \/>\n\t<meta name=\"twitter:data1\" content=\"Marie SCHMIDT\" \/>\n\t<meta name=\"twitter:label2\" content=\"Dur\u00e9e de lecture estim\u00e9e\" \/>\n\t<meta name=\"twitter:data2\" content=\"2 minutes\" \/>\n<script type=\"application\/ld+json\" class=\"yoast-schema-graph\">{\"@context\":\"https:\\\/\\\/schema.org\",\"@graph\":[{\"@type\":\"Article\",\"@id\":\"https:\\\/\\\/www.tarn.educagri.fr\\\/flamarens\\\/elementor-5655\\\/#article\",\"isPartOf\":{\"@id\":\"https:\\\/\\\/www.tarn.educagri.fr\\\/flamarens\\\/elementor-5655\\\/\"},\"author\":{\"name\":\"Marie SCHMIDT\",\"@id\":\"https:\\\/\\\/www.tarn.educagri.fr\\\/flamarens\\\/#\\\/schema\\\/person\\\/5bff1f3a6e7f4bada34a52f3ffd914c2\"},\"headline\":\"Le groupe \u00ab\u00a0CLASS\u00a0\u00bb CAPA MA1\",\"datePublished\":\"2022-04-04T09:55:31+00:00\",\"dateModified\":\"2022-04-04T09:55:55+00:00\",\"mainEntityOfPage\":{\"@id\":\"https:\\\/\\\/www.tarn.educagri.fr\\\/flamarens\\\/elementor-5655\\\/\"},\"wordCount\":71,\"publisher\":{\"@id\":\"https:\\\/\\\/www.tarn.educagri.fr\\\/flamarens\\\/#organization\"},\"image\":{\"@id\":\"https:\\\/\\\/www.tarn.educagri.fr\\\/flamarens\\\/elementor-5655\\\/#primaryimage\"},\"thumbnailUrl\":\"https:\\\/\\\/www.tarn.educagri.fr\\\/flamarens\\\/wp-content\\\/uploads\\\/2022\\\/04\\\/Groupe-Class-CAPA-MA1-scaled.jpg\",\"inLanguage\":\"fr-FR\"},{\"@type\":\"WebPage\",\"@id\":\"https:\\\/\\\/www.tarn.educagri.fr\\\/flamarens\\\/elementor-5655\\\/\",\"url\":\"https:\\\/\\\/www.tarn.educagri.fr\\\/flamarens\\\/elementor-5655\\\/\",\"name\":\"Le groupe \\\"CLASS\\\" CAPA MA1 - Lyc\u00e9e Flamarens Lavaur\",\"isPartOf\":{\"@id\":\"https:\\\/\\\/www.tarn.educagri.fr\\\/flamarens\\\/#website\"},\"primaryImageOfPage\":{\"@id\":\"https:\\\/\\\/www.tarn.educagri.fr\\\/flamarens\\\/elementor-5655\\\/#primaryimage\"},\"image\":{\"@id\":\"https:\\\/\\\/www.tarn.educagri.fr\\\/flamarens\\\/elementor-5655\\\/#primaryimage\"},\"thumbnailUrl\":\"https:\\\/\\\/www.tarn.educagri.fr\\\/flamarens\\\/wp-content\\\/uploads\\\/2022\\\/04\\\/Groupe-Class-CAPA-MA1-scaled.jpg\",\"datePublished\":\"2022-04-04T09:55:31+00:00\",\"dateModified\":\"2022-04-04T09:55:55+00:00\",\"breadcrumb\":{\"@id\":\"https:\\\/\\\/www.tarn.educagri.fr\\\/flamarens\\\/elementor-5655\\\/#breadcrumb\"},\"inLanguage\":\"fr-FR\",\"potentialAction\":[{\"@type\":\"ReadAction\",\"target\":[\"https:\\\/\\\/www.tarn.educagri.fr\\\/flamarens\\\/elementor-5655\\\/\"]}]},{\"@type\":\"ImageObject\",\"inLanguage\":\"fr-FR\",\"@id\":\"https:\\\/\\\/www.tarn.educagri.fr\\\/flamarens\\\/elementor-5655\\\/#primaryimage\",\"url\":\"https:\\\/\\\/www.tarn.educagri.fr\\\/flamarens\\\/wp-content\\\/uploads\\\/2022\\\/04\\\/Groupe-Class-CAPA-MA1-scaled.jpg\",\"contentUrl\":\"https:\\\/\\\/www.tarn.educagri.fr\\\/flamarens\\\/wp-content\\\/uploads\\\/2022\\\/04\\\/Groupe-Class-CAPA-MA1-scaled.jpg\",\"width\":2560,\"height\":1920,\"caption\":\"le groupe \\\"CLASS\\\" CAPA MA1\"},{\"@type\":\"BreadcrumbList\",\"@id\":\"https:\\\/\\\/www.tarn.educagri.fr\\\/flamarens\\\/elementor-5655\\\/#breadcrumb\",\"itemListElement\":[{\"@type\":\"ListItem\",\"position\":1,\"name\":\"Accueil\",\"item\":\"https:\\\/\\\/www.tarn.educagri.fr\\\/flamarens\\\/\"},{\"@type\":\"ListItem\",\"position\":2,\"name\":\"Le groupe \u00ab\u00a0CLASS\u00a0\u00bb CAPA MA1\"}]},{\"@type\":\"WebSite\",\"@id\":\"https:\\\/\\\/www.tarn.educagri.fr\\\/flamarens\\\/#website\",\"url\":\"https:\\\/\\\/www.tarn.educagri.fr\\\/flamarens\\\/\",\"name\":\"Lyc\u00e9e Flamarens Lavaur\",\"description\":\"Le campus des possibles\",\"publisher\":{\"@id\":\"https:\\\/\\\/www.tarn.educagri.fr\\\/flamarens\\\/#organization\"},\"potentialAction\":[{\"@type\":\"SearchAction\",\"target\":{\"@type\":\"EntryPoint\",\"urlTemplate\":\"https:\\\/\\\/www.tarn.educagri.fr\\\/flamarens\\\/?s={search_term_string}\"},\"query-input\":{\"@type\":\"PropertyValueSpecification\",\"valueRequired\":true,\"valueName\":\"search_term_string\"}}],\"inLanguage\":\"fr-FR\"},{\"@type\":\"Organization\",\"@id\":\"https:\\\/\\\/www.tarn.educagri.fr\\\/flamarens\\\/#organization\",\"name\":\"Etablissement agro environnemental du Tarn\",\"url\":\"https:\\\/\\\/www.tarn.educagri.fr\\\/flamarens\\\/\",\"logo\":{\"@type\":\"ImageObject\",\"inLanguage\":\"fr-FR\",\"@id\":\"https:\\\/\\\/www.tarn.educagri.fr\\\/flamarens\\\/#\\\/schema\\\/logo\\\/image\\\/\",\"url\":\"https:\\\/\\\/www.tarn.educagri.fr\\\/flamarens\\\/wp-content\\\/uploads\\\/2018\\\/05\\\/logo-EPl.jpg\",\"contentUrl\":\"https:\\\/\\\/www.tarn.educagri.fr\\\/flamarens\\\/wp-content\\\/uploads\\\/2018\\\/05\\\/logo-EPl.jpg\",\"width\":624,\"height\":624,\"caption\":\"Etablissement agro environnemental du Tarn\"},\"image\":{\"@id\":\"https:\\\/\\\/www.tarn.educagri.fr\\\/flamarens\\\/#\\\/schema\\\/logo\\\/image\\\/\"}},{\"@type\":\"Person\",\"@id\":\"https:\\\/\\\/www.tarn.educagri.fr\\\/flamarens\\\/#\\\/schema\\\/person\\\/5bff1f3a6e7f4bada34a52f3ffd914c2\",\"name\":\"Marie SCHMIDT\",\"image\":{\"@type\":\"ImageObject\",\"inLanguage\":\"fr-FR\",\"@id\":\"https:\\\/\\\/secure.gravatar.com\\\/avatar\\\/2bd3fa8b991b0d7b5453824e1ab84c48e205472ce59b60d7a226d0606517f907?s=96&d=mm&r=g\",\"url\":\"https:\\\/\\\/secure.gravatar.com\\\/avatar\\\/2bd3fa8b991b0d7b5453824e1ab84c48e205472ce59b60d7a226d0606517f907?s=96&d=mm&r=g\",\"contentUrl\":\"https:\\\/\\\/secure.gravatar.com\\\/avatar\\\/2bd3fa8b991b0d7b5453824e1ab84c48e205472ce59b60d7a226d0606517f907?s=96&d=mm&r=g\",\"caption\":\"Marie SCHMIDT\"}}]}<\/script>\n<!-- \/ Yoast SEO plugin. -->","yoast_head_json":{"title":"Le groupe \"CLASS\" CAPA MA1 - Lyc\u00e9e Flamarens Lavaur","robots":{"index":"index","follow":"follow","max-snippet":"max-snippet:-1","max-image-preview":"max-image-preview:large","max-video-preview":"max-video-preview:-1"},"canonical":"https:\/\/www.tarn.educagri.fr\/flamarens\/elementor-5655\/","og_locale":"fr_FR","og_type":"article","og_title":"Le groupe \"CLASS\" CAPA MA1 - Lyc\u00e9e Flamarens Lavaur","og_description":"D\u00e9couverte cabine tracteur Filtre \u00e0 air Filtre \u00e0 Gazole Nettoyage de la cabine Mont\u00e9e en 3 points Apr\u00e8s les cours th\u00e9oriques sur la maintenance d&rsquo;un&hellip;","og_url":"https:\/\/www.tarn.educagri.fr\/flamarens\/elementor-5655\/","og_site_name":"Lyc\u00e9e Flamarens Lavaur","article_published_time":"2022-04-04T09:55:31+00:00","article_modified_time":"2022-04-04T09:55:55+00:00","og_image":[{"width":2560,"height":1920,"url":"https:\/\/www.tarn.educagri.fr\/flamarens\/wp-content\/uploads\/2022\/04\/Groupe-Class-CAPA-MA1-scaled.jpg","type":"image\/jpeg"}],"author":"Marie SCHMIDT","twitter_card":"summary_large_image","twitter_misc":{"\u00c9crit par":"Marie SCHMIDT","Dur\u00e9e de lecture estim\u00e9e":"2 minutes"},"schema":{"@context":"https:\/\/schema.org","@graph":[{"@type":"Article","@id":"https:\/\/www.tarn.educagri.fr\/flamarens\/elementor-5655\/#article","isPartOf":{"@id":"https:\/\/www.tarn.educagri.fr\/flamarens\/elementor-5655\/"},"author":{"name":"Marie SCHMIDT","@id":"https:\/\/www.tarn.educagri.fr\/flamarens\/#\/schema\/person\/5bff1f3a6e7f4bada34a52f3ffd914c2"},"headline":"Le groupe \u00ab\u00a0CLASS\u00a0\u00bb CAPA MA1","datePublished":"2022-04-04T09:55:31+00:00","dateModified":"2022-04-04T09:55:55+00:00","mainEntityOfPage":{"@id":"https:\/\/www.tarn.educagri.fr\/flamarens\/elementor-5655\/"},"wordCount":71,"publisher":{"@id":"https:\/\/www.tarn.educagri.fr\/flamarens\/#organization"},"image":{"@id":"https:\/\/www.tarn.educagri.fr\/flamarens\/elementor-5655\/#primaryimage"},"thumbnailUrl":"https:\/\/www.tarn.educagri.fr\/flamarens\/wp-content\/uploads\/2022\/04\/Groupe-Class-CAPA-MA1-scaled.jpg","inLanguage":"fr-FR"},{"@type":"WebPage","@id":"https:\/\/www.tarn.educagri.fr\/flamarens\/elementor-5655\/","url":"https:\/\/www.tarn.educagri.fr\/flamarens\/elementor-5655\/","name":"Le groupe \"CLASS\" CAPA MA1 - Lyc\u00e9e Flamarens Lavaur","isPartOf":{"@id":"https:\/\/www.tarn.educagri.fr\/flamarens\/#website"},"primaryImageOfPage":{"@id":"https:\/\/www.tarn.educagri.fr\/flamarens\/elementor-5655\/#primaryimage"},"image":{"@id":"https:\/\/www.tarn.educagri.fr\/flamarens\/elementor-5655\/#primaryimage"},"thumbnailUrl":"https:\/\/www.tarn.educagri.fr\/flamarens\/wp-content\/uploads\/2022\/04\/Groupe-Class-CAPA-MA1-scaled.jpg","datePublished":"2022-04-04T09:55:31+00:00","dateModified":"2022-04-04T09:55:55+00:00","breadcrumb":{"@id":"https:\/\/www.tarn.educagri.fr\/flamarens\/elementor-5655\/#breadcrumb"},"inLanguage":"fr-FR","potentialAction":[{"@type":"ReadAction","target":["https:\/\/www.tarn.educagri.fr\/flamarens\/elementor-5655\/"]}]},{"@type":"ImageObject","inLanguage":"fr-FR","@id":"https:\/\/www.tarn.educagri.fr\/flamarens\/elementor-5655\/#primaryimage","url":"https:\/\/www.tarn.educagri.fr\/flamarens\/wp-content\/uploads\/2022\/04\/Groupe-Class-CAPA-MA1-scaled.jpg","contentUrl":"https:\/\/www.tarn.educagri.fr\/flamarens\/wp-content\/uploads\/2022\/04\/Groupe-Class-CAPA-MA1-scaled.jpg","width":2560,"height":1920,"caption":"le groupe \"CLASS\" CAPA MA1"},{"@type":"BreadcrumbList","@id":"https:\/\/www.tarn.educagri.fr\/flamarens\/elementor-5655\/#breadcrumb","itemListElement":[{"@type":"ListItem","position":1,"name":"Accueil","item":"https:\/\/www.tarn.educagri.fr\/flamarens\/"},{"@type":"ListItem","position":2,"name":"Le groupe \u00ab\u00a0CLASS\u00a0\u00bb CAPA MA1"}]},{"@type":"WebSite","@id":"https:\/\/www.tarn.educagri.fr\/flamarens\/#website","url":"https:\/\/www.tarn.educagri.fr\/flamarens\/","name":"Lyc\u00e9e Flamarens Lavaur","description":"Le campus des possibles","publisher":{"@id":"https:\/\/www.tarn.educagri.fr\/flamarens\/#organization"},"potentialAction":[{"@type":"SearchAction","target":{"@type":"EntryPoint","urlTemplate":"https:\/\/www.tarn.educagri.fr\/flamarens\/?s={search_term_string}"},"query-input":{"@type":"PropertyValueSpecification","valueRequired":true,"valueName":"search_term_string"}}],"inLanguage":"fr-FR"},{"@type":"Organization","@id":"https:\/\/www.tarn.educagri.fr\/flamarens\/#organization","name":"Etablissement agro environnemental du Tarn","url":"https:\/\/www.tarn.educagri.fr\/flamarens\/","logo":{"@type":"ImageObject","inLanguage":"fr-FR","@id":"https:\/\/www.tarn.educagri.fr\/flamarens\/#\/schema\/logo\/image\/","url":"https:\/\/www.tarn.educagri.fr\/flamarens\/wp-content\/uploads\/2018\/05\/logo-EPl.jpg","contentUrl":"https:\/\/www.tarn.educagri.fr\/flamarens\/wp-content\/uploads\/2018\/05\/logo-EPl.jpg","width":624,"height":624,"caption":"Etablissement agro environnemental du Tarn"},"image":{"@id":"https:\/\/www.tarn.educagri.fr\/flamarens\/#\/schema\/logo\/image\/"}},{"@type":"Person","@id":"https:\/\/www.tarn.educagri.fr\/flamarens\/#\/schema\/person\/5bff1f3a6e7f4bada34a52f3ffd914c2","name":"Marie SCHMIDT","image":{"@type":"ImageObject","inLanguage":"fr-FR","@id":"https:\/\/secure.gravatar.com\/avatar\/2bd3fa8b991b0d7b5453824e1ab84c48e205472ce59b60d7a226d0606517f907?s=96&d=mm&r=g","url":"https:\/\/secure.gravatar.com\/avatar\/2bd3fa8b991b0d7b5453824e1ab84c48e205472ce59b60d7a226d0606517f907?s=96&d=mm&r=g","contentUrl":"https:\/\/secure.gravatar.com\/avatar\/2bd3fa8b991b0d7b5453824e1ab84c48e205472ce59b60d7a226d0606517f907?s=96&d=mm&r=g","caption":"Marie SCHMIDT"}}]}},"_links":{"self":[{"href":"https:\/\/www.tarn.educagri.fr\/flamarens\/wp-json\/wp\/v2\/posts\/5655","targetHints":{"allow":["GET"]}}],"collection":[{"href":"https:\/\/www.tarn.educagri.fr\/flamarens\/wp-json\/wp\/v2\/posts"}],"about":[{"href":"https:\/\/www.tarn.educagri.fr\/flamarens\/wp-json\/wp\/v2\/types\/post"}],"author":[{"embeddable":true,"href":"https:\/\/www.tarn.educagri.fr\/flamarens\/wp-json\/wp\/v2\/users\/6"}],"replies":[{"embeddable":true,"href":"https:\/\/www.tarn.educagri.fr\/flamarens\/wp-json\/wp\/v2\/comments?post=5655"}],"version-history":[{"count":5,"href":"https:\/\/www.tarn.educagri.fr\/flamarens\/wp-json\/wp\/v2\/posts\/5655\/revisions"}],"predecessor-version":[{"id":5666,"href":"https:\/\/www.tarn.educagri.fr\/flamarens\/wp-json\/wp\/v2\/posts\/5655\/revisions\/5666"}],"wp:featuredmedia":[{"embeddable":true,"href":"https:\/\/www.tarn.educagri.fr\/flamarens\/wp-json\/wp\/v2\/media\/5660"}],"wp:attachment":[{"href":"https:\/\/www.tarn.educagri.fr\/flamarens\/wp-json\/wp\/v2\/media?parent=5655"}],"wp:term":[{"taxonomy":"category","embeddable":true,"href":"https:\/\/www.tarn.educagri.fr\/flamarens\/wp-json\/wp\/v2\/categories?post=5655"},{"taxonomy":"post_tag","embeddable":true,"href":"https:\/\/www.tarn.educagri.fr\/flamarens\/wp-json\/wp\/v2\/tags?post=5655"}],"curies":[{"name":"wp","href":"https:\/\/api.w.org\/{rel}","templated":true}]}}