{"id":6299,"date":"2023-09-11T12:37:40","date_gmt":"2023-09-11T11:37:40","guid":{"rendered":"https:\/\/www.tarn.educagri.fr\/flamarens\/?p=6299"},"modified":"2023-09-11T12:50:04","modified_gmt":"2023-09-11T11:50:04","slug":"elementor-6299","status":"publish","type":"post","link":"https:\/\/www.tarn.educagri.fr\/flamarens\/elementor-6299\/","title":{"rendered":"L&rsquo;\u00e9ducation au d\u00e9veloppement durable au coeur du projet p\u00e9dagogique \u00e0 Flamarens"},"content":{"rendered":"\t\t<div data-elementor-type=\"wp-post\" data-elementor-id=\"6299\" class=\"elementor elementor-6299\" data-elementor-post-type=\"post\">\n\t\t\t\t\t\t<section class=\"elementor-section elementor-top-section elementor-element elementor-element-ef53f18 elementor-section-boxed elementor-section-height-default elementor-section-height-default\" data-id=\"ef53f18\" data-element_type=\"section\" data-e-type=\"section\">\n\t\t\t\t\t\t<div class=\"elementor-container elementor-column-gap-default\">\n\t\t\t\t\t<div class=\"elementor-column elementor-col-50 elementor-top-column elementor-element elementor-element-bda905e\" data-id=\"bda905e\" data-element_type=\"column\" data-e-type=\"column\">\n\t\t\t<div class=\"elementor-widget-wrap elementor-element-populated\">\n\t\t\t\t\t\t<div class=\"elementor-element elementor-element-75d91b2 elementor-widget elementor-widget-text-editor\" data-id=\"75d91b2\" data-element_type=\"widget\" data-e-type=\"widget\" data-widget_type=\"text-editor.default\">\n\t\t\t\t<div class=\"elementor-widget-container\">\n\t\t\t\t\t\t\t\t\t<p>Le LPA est laur\u00e9at de l&rsquo;appel \u00e0 projet \u00ab\u00a0Lyc\u00e9e \u00e0 \u00e9nergie positive\u00a0\u00bb de la r\u00e9gion Occitanie depuis 4 ans d\u00e9j\u00e0. C&rsquo;est l&rsquo;occasion pour l&rsquo;\u00e9quipe p\u00e9dagogique d&rsquo;aborder des th\u00e8mes importants en lien avec le d\u00e9veloppement durable et de proposer des journ\u00e9es th\u00e9matiques riches d&rsquo;enseignements. Un retour en podcast de l\u2019exp\u00e9rience des \u00e9l\u00e8ves <a href=\"https:\/\/soundcloud.com\/education-territoires-665862027\/sets\/occitavenir-les-lycees-a-energie-positive-serie-4\/s-y6fK9PYDjg1?si=d55f4d2c388b4b9292d57a30577aaa91&amp;utm_source=clipboard&amp;utm_medium=text&amp;utm_campaign=social_sharing\">ici<\/a> !<\/p>\t\t\t\t\t\t\t\t<\/div>\n\t\t\t\t<\/div>\n\t\t\t\t\t<\/div>\n\t\t<\/div>\n\t\t\t\t<div class=\"elementor-column elementor-col-50 elementor-top-column elementor-element elementor-element-ddb24f8\" data-id=\"ddb24f8\" data-element_type=\"column\" data-e-type=\"column\">\n\t\t\t<div class=\"elementor-widget-wrap elementor-element-populated\">\n\t\t\t\t\t\t<div class=\"elementor-element elementor-element-98c6101 elementor-align-center elementor-widget elementor-widget-lottie\" data-id=\"98c6101\" data-element_type=\"widget\" data-e-type=\"widget\" data-settings=\"{&quot;source_json&quot;:{&quot;url&quot;:&quot;https:\\\/\\\/www.tarn.educagri.fr\\\/flamarens\\\/wp-content\\\/uploads\\\/2023\\\/09\\\/animation_lmet2pt5.json&quot;,&quot;id&quot;:6306,&quot;size&quot;:&quot;&quot;,&quot;alt&quot;:&quot;&quot;,&quot;source&quot;:&quot;library&quot;},&quot;link_to&quot;:&quot;custom&quot;,&quot;custom_link&quot;:{&quot;url&quot;:&quot;https:\\\/\\\/soundcloud.com\\\/education-territoires-665862027\\\/sets\\\/occitavenir-les-lycees-a-energie-positive-serie-4\\\/s-y6fK9PYDjg1?si=d55f4d2c388b4b9292d57a30577aaa91&amp;utm_source=clipboard&amp;utm_medium=text&amp;utm_campaign=social_sharing&quot;,&quot;is_external&quot;:&quot;&quot;,&quot;nofollow&quot;:&quot;&quot;,&quot;custom_attributes&quot;:&quot;&quot;},&quot;source&quot;:&quot;media_file&quot;,&quot;caption_source&quot;:&quot;none&quot;,&quot;trigger&quot;:&quot;arriving_to_viewport&quot;,&quot;viewport&quot;:{&quot;unit&quot;:&quot;%&quot;,&quot;size&quot;:&quot;&quot;,&quot;sizes&quot;:{&quot;start&quot;:0,&quot;end&quot;:100}},&quot;play_speed&quot;:{&quot;unit&quot;:&quot;px&quot;,&quot;size&quot;:1,&quot;sizes&quot;:[]},&quot;start_point&quot;:{&quot;unit&quot;:&quot;%&quot;,&quot;size&quot;:0,&quot;sizes&quot;:[]},&quot;end_point&quot;:{&quot;unit&quot;:&quot;%&quot;,&quot;size&quot;:100,&quot;sizes&quot;:[]},&quot;renderer&quot;:&quot;svg&quot;}\" data-widget_type=\"lottie.default\">\n\t\t\t\t<div class=\"elementor-widget-container\">\n\t\t\t\t\t<a class=\"e-lottie__container__link\" href=\"https:\/\/soundcloud.com\/education-territoires-665862027\/sets\/occitavenir-les-lycees-a-energie-positive-serie-4\/s-y6fK9PYDjg1?si=d55f4d2c388b4b9292d57a30577aaa91&#038;utm_source=clipboard&#038;utm_medium=text&#038;utm_campaign=social_sharing\"><div class=\"e-lottie__container\"><div class=\"e-lottie__animation\"><\/div><\/div><\/a>\t\t\t\t<\/div>\n\t\t\t\t<\/div>\n\t\t\t\t\t<\/div>\n\t\t<\/div>\n\t\t\t\t\t<\/div>\n\t\t<\/section>\n\t\t\t\t<\/div>\n\t\t","protected":false},"excerpt":{"rendered":"<p>Le LPA est laur\u00e9at de l&rsquo;appel \u00e0 projet \u00ab\u00a0Lyc\u00e9e \u00e0 \u00e9nergie positive\u00a0\u00bb de la r\u00e9gion Occitanie depuis 4 ans d\u00e9j\u00e0. C&rsquo;est l&rsquo;occasion pour l&rsquo;\u00e9quipe p\u00e9dagogique&hellip;<\/p>\n","protected":false},"author":6,"featured_media":6302,"comment_status":"closed","ping_status":"closed","sticky":false,"template":"","format":"standard","meta":{"footnotes":""},"categories":[1],"tags":[],"class_list":["post-6299","post","type-post","status-publish","format-standard","has-post-thumbnail","hentry","category-non-classe"],"yoast_head":"<!-- This site is optimized with the Yoast SEO plugin v27.3 - https:\/\/yoast.com\/product\/yoast-seo-wordpress\/ -->\n<title>L&#039;\u00e9ducation au d\u00e9veloppement durable au coeur du projet p\u00e9dagogique \u00e0 Flamarens - Lyc\u00e9e Flamarens Lavaur<\/title>\n<meta name=\"robots\" content=\"index, follow, max-snippet:-1, max-image-preview:large, max-video-preview:-1\" \/>\n<link rel=\"canonical\" href=\"https:\/\/www.tarn.educagri.fr\/flamarens\/elementor-6299\/\" \/>\n<meta property=\"og:locale\" content=\"fr_FR\" \/>\n<meta property=\"og:type\" content=\"article\" \/>\n<meta property=\"og:title\" content=\"L&#039;\u00e9ducation au d\u00e9veloppement durable au coeur du projet p\u00e9dagogique \u00e0 Flamarens - Lyc\u00e9e Flamarens Lavaur\" \/>\n<meta property=\"og:description\" content=\"Le LPA est laur\u00e9at de l&rsquo;appel \u00e0 projet \u00ab\u00a0Lyc\u00e9e \u00e0 \u00e9nergie positive\u00a0\u00bb de la r\u00e9gion Occitanie depuis 4 ans d\u00e9j\u00e0. C&rsquo;est l&rsquo;occasion pour l&rsquo;\u00e9quipe p\u00e9dagogique&hellip;\" \/>\n<meta property=\"og:url\" content=\"https:\/\/www.tarn.educagri.fr\/flamarens\/elementor-6299\/\" \/>\n<meta property=\"og:site_name\" content=\"Lyc\u00e9e Flamarens Lavaur\" \/>\n<meta property=\"article:published_time\" content=\"2023-09-11T11:37:40+00:00\" \/>\n<meta property=\"article:modified_time\" content=\"2023-09-11T11:50:04+00:00\" \/>\n<meta property=\"og:image\" content=\"https:\/\/www.tarn.educagri.fr\/flamarens\/wp-content\/uploads\/2023\/09\/IMG-20181212-WA0007.jpg\" \/>\n\t<meta property=\"og:image:width\" content=\"1200\" \/>\n\t<meta property=\"og:image:height\" content=\"1600\" \/>\n\t<meta property=\"og:image:type\" content=\"image\/jpeg\" \/>\n<meta name=\"author\" content=\"Marie SCHMIDT\" \/>\n<meta name=\"twitter:card\" content=\"summary_large_image\" \/>\n<meta name=\"twitter:label1\" content=\"\u00c9crit par\" \/>\n\t<meta name=\"twitter:data1\" content=\"Marie SCHMIDT\" \/>\n\t<meta name=\"twitter:label2\" content=\"Dur\u00e9e de lecture estim\u00e9e\" \/>\n\t<meta name=\"twitter:data2\" content=\"1 minute\" \/>\n<script type=\"application\/ld+json\" class=\"yoast-schema-graph\">{\"@context\":\"https:\\\/\\\/schema.org\",\"@graph\":[{\"@type\":\"Article\",\"@id\":\"https:\\\/\\\/www.tarn.educagri.fr\\\/flamarens\\\/elementor-6299\\\/#article\",\"isPartOf\":{\"@id\":\"https:\\\/\\\/www.tarn.educagri.fr\\\/flamarens\\\/elementor-6299\\\/\"},\"author\":{\"name\":\"Marie SCHMIDT\",\"@id\":\"https:\\\/\\\/www.tarn.educagri.fr\\\/flamarens\\\/#\\\/schema\\\/person\\\/5bff1f3a6e7f4bada34a52f3ffd914c2\"},\"headline\":\"L&rsquo;\u00e9ducation au d\u00e9veloppement durable au coeur du projet p\u00e9dagogique \u00e0 Flamarens\",\"datePublished\":\"2023-09-11T11:37:40+00:00\",\"dateModified\":\"2023-09-11T11:50:04+00:00\",\"mainEntityOfPage\":{\"@id\":\"https:\\\/\\\/www.tarn.educagri.fr\\\/flamarens\\\/elementor-6299\\\/\"},\"wordCount\":80,\"publisher\":{\"@id\":\"https:\\\/\\\/www.tarn.educagri.fr\\\/flamarens\\\/#organization\"},\"image\":{\"@id\":\"https:\\\/\\\/www.tarn.educagri.fr\\\/flamarens\\\/elementor-6299\\\/#primaryimage\"},\"thumbnailUrl\":\"https:\\\/\\\/www.tarn.educagri.fr\\\/flamarens\\\/wp-content\\\/uploads\\\/2023\\\/09\\\/IMG-20181212-WA0007.jpg\",\"inLanguage\":\"fr-FR\"},{\"@type\":\"WebPage\",\"@id\":\"https:\\\/\\\/www.tarn.educagri.fr\\\/flamarens\\\/elementor-6299\\\/\",\"url\":\"https:\\\/\\\/www.tarn.educagri.fr\\\/flamarens\\\/elementor-6299\\\/\",\"name\":\"L'\u00e9ducation au d\u00e9veloppement durable au coeur du projet p\u00e9dagogique \u00e0 Flamarens - Lyc\u00e9e Flamarens Lavaur\",\"isPartOf\":{\"@id\":\"https:\\\/\\\/www.tarn.educagri.fr\\\/flamarens\\\/#website\"},\"primaryImageOfPage\":{\"@id\":\"https:\\\/\\\/www.tarn.educagri.fr\\\/flamarens\\\/elementor-6299\\\/#primaryimage\"},\"image\":{\"@id\":\"https:\\\/\\\/www.tarn.educagri.fr\\\/flamarens\\\/elementor-6299\\\/#primaryimage\"},\"thumbnailUrl\":\"https:\\\/\\\/www.tarn.educagri.fr\\\/flamarens\\\/wp-content\\\/uploads\\\/2023\\\/09\\\/IMG-20181212-WA0007.jpg\",\"datePublished\":\"2023-09-11T11:37:40+00:00\",\"dateModified\":\"2023-09-11T11:50:04+00:00\",\"breadcrumb\":{\"@id\":\"https:\\\/\\\/www.tarn.educagri.fr\\\/flamarens\\\/elementor-6299\\\/#breadcrumb\"},\"inLanguage\":\"fr-FR\",\"potentialAction\":[{\"@type\":\"ReadAction\",\"target\":[\"https:\\\/\\\/www.tarn.educagri.fr\\\/flamarens\\\/elementor-6299\\\/\"]}]},{\"@type\":\"ImageObject\",\"inLanguage\":\"fr-FR\",\"@id\":\"https:\\\/\\\/www.tarn.educagri.fr\\\/flamarens\\\/elementor-6299\\\/#primaryimage\",\"url\":\"https:\\\/\\\/www.tarn.educagri.fr\\\/flamarens\\\/wp-content\\\/uploads\\\/2023\\\/09\\\/IMG-20181212-WA0007.jpg\",\"contentUrl\":\"https:\\\/\\\/www.tarn.educagri.fr\\\/flamarens\\\/wp-content\\\/uploads\\\/2023\\\/09\\\/IMG-20181212-WA0007.jpg\",\"width\":1200,\"height\":1600},{\"@type\":\"BreadcrumbList\",\"@id\":\"https:\\\/\\\/www.tarn.educagri.fr\\\/flamarens\\\/elementor-6299\\\/#breadcrumb\",\"itemListElement\":[{\"@type\":\"ListItem\",\"position\":1,\"name\":\"Accueil\",\"item\":\"https:\\\/\\\/www.tarn.educagri.fr\\\/flamarens\\\/\"},{\"@type\":\"ListItem\",\"position\":2,\"name\":\"L&rsquo;\u00e9ducation au d\u00e9veloppement durable au coeur du projet p\u00e9dagogique \u00e0 Flamarens\"}]},{\"@type\":\"WebSite\",\"@id\":\"https:\\\/\\\/www.tarn.educagri.fr\\\/flamarens\\\/#website\",\"url\":\"https:\\\/\\\/www.tarn.educagri.fr\\\/flamarens\\\/\",\"name\":\"Lyc\u00e9e Flamarens Lavaur\",\"description\":\"Le campus des possibles\",\"publisher\":{\"@id\":\"https:\\\/\\\/www.tarn.educagri.fr\\\/flamarens\\\/#organization\"},\"potentialAction\":[{\"@type\":\"SearchAction\",\"target\":{\"@type\":\"EntryPoint\",\"urlTemplate\":\"https:\\\/\\\/www.tarn.educagri.fr\\\/flamarens\\\/?s={search_term_string}\"},\"query-input\":{\"@type\":\"PropertyValueSpecification\",\"valueRequired\":true,\"valueName\":\"search_term_string\"}}],\"inLanguage\":\"fr-FR\"},{\"@type\":\"Organization\",\"@id\":\"https:\\\/\\\/www.tarn.educagri.fr\\\/flamarens\\\/#organization\",\"name\":\"Etablissement agro environnemental du Tarn\",\"url\":\"https:\\\/\\\/www.tarn.educagri.fr\\\/flamarens\\\/\",\"logo\":{\"@type\":\"ImageObject\",\"inLanguage\":\"fr-FR\",\"@id\":\"https:\\\/\\\/www.tarn.educagri.fr\\\/flamarens\\\/#\\\/schema\\\/logo\\\/image\\\/\",\"url\":\"https:\\\/\\\/www.tarn.educagri.fr\\\/flamarens\\\/wp-content\\\/uploads\\\/2018\\\/05\\\/logo-EPl.jpg\",\"contentUrl\":\"https:\\\/\\\/www.tarn.educagri.fr\\\/flamarens\\\/wp-content\\\/uploads\\\/2018\\\/05\\\/logo-EPl.jpg\",\"width\":624,\"height\":624,\"caption\":\"Etablissement agro environnemental du Tarn\"},\"image\":{\"@id\":\"https:\\\/\\\/www.tarn.educagri.fr\\\/flamarens\\\/#\\\/schema\\\/logo\\\/image\\\/\"}},{\"@type\":\"Person\",\"@id\":\"https:\\\/\\\/www.tarn.educagri.fr\\\/flamarens\\\/#\\\/schema\\\/person\\\/5bff1f3a6e7f4bada34a52f3ffd914c2\",\"name\":\"Marie SCHMIDT\",\"image\":{\"@type\":\"ImageObject\",\"inLanguage\":\"fr-FR\",\"@id\":\"https:\\\/\\\/secure.gravatar.com\\\/avatar\\\/2bd3fa8b991b0d7b5453824e1ab84c48e205472ce59b60d7a226d0606517f907?s=96&d=mm&r=g\",\"url\":\"https:\\\/\\\/secure.gravatar.com\\\/avatar\\\/2bd3fa8b991b0d7b5453824e1ab84c48e205472ce59b60d7a226d0606517f907?s=96&d=mm&r=g\",\"contentUrl\":\"https:\\\/\\\/secure.gravatar.com\\\/avatar\\\/2bd3fa8b991b0d7b5453824e1ab84c48e205472ce59b60d7a226d0606517f907?s=96&d=mm&r=g\",\"caption\":\"Marie SCHMIDT\"}}]}<\/script>\n<!-- \/ Yoast SEO plugin. -->","yoast_head_json":{"title":"L'\u00e9ducation au d\u00e9veloppement durable au coeur du projet p\u00e9dagogique \u00e0 Flamarens - Lyc\u00e9e Flamarens Lavaur","robots":{"index":"index","follow":"follow","max-snippet":"max-snippet:-1","max-image-preview":"max-image-preview:large","max-video-preview":"max-video-preview:-1"},"canonical":"https:\/\/www.tarn.educagri.fr\/flamarens\/elementor-6299\/","og_locale":"fr_FR","og_type":"article","og_title":"L'\u00e9ducation au d\u00e9veloppement durable au coeur du projet p\u00e9dagogique \u00e0 Flamarens - Lyc\u00e9e Flamarens Lavaur","og_description":"Le LPA est laur\u00e9at de l&rsquo;appel \u00e0 projet \u00ab\u00a0Lyc\u00e9e \u00e0 \u00e9nergie positive\u00a0\u00bb de la r\u00e9gion Occitanie depuis 4 ans d\u00e9j\u00e0. C&rsquo;est l&rsquo;occasion pour l&rsquo;\u00e9quipe p\u00e9dagogique&hellip;","og_url":"https:\/\/www.tarn.educagri.fr\/flamarens\/elementor-6299\/","og_site_name":"Lyc\u00e9e Flamarens Lavaur","article_published_time":"2023-09-11T11:37:40+00:00","article_modified_time":"2023-09-11T11:50:04+00:00","og_image":[{"width":1200,"height":1600,"url":"https:\/\/www.tarn.educagri.fr\/flamarens\/wp-content\/uploads\/2023\/09\/IMG-20181212-WA0007.jpg","type":"image\/jpeg"}],"author":"Marie SCHMIDT","twitter_card":"summary_large_image","twitter_misc":{"\u00c9crit par":"Marie SCHMIDT","Dur\u00e9e de lecture estim\u00e9e":"1 minute"},"schema":{"@context":"https:\/\/schema.org","@graph":[{"@type":"Article","@id":"https:\/\/www.tarn.educagri.fr\/flamarens\/elementor-6299\/#article","isPartOf":{"@id":"https:\/\/www.tarn.educagri.fr\/flamarens\/elementor-6299\/"},"author":{"name":"Marie SCHMIDT","@id":"https:\/\/www.tarn.educagri.fr\/flamarens\/#\/schema\/person\/5bff1f3a6e7f4bada34a52f3ffd914c2"},"headline":"L&rsquo;\u00e9ducation au d\u00e9veloppement durable au coeur du projet p\u00e9dagogique \u00e0 Flamarens","datePublished":"2023-09-11T11:37:40+00:00","dateModified":"2023-09-11T11:50:04+00:00","mainEntityOfPage":{"@id":"https:\/\/www.tarn.educagri.fr\/flamarens\/elementor-6299\/"},"wordCount":80,"publisher":{"@id":"https:\/\/www.tarn.educagri.fr\/flamarens\/#organization"},"image":{"@id":"https:\/\/www.tarn.educagri.fr\/flamarens\/elementor-6299\/#primaryimage"},"thumbnailUrl":"https:\/\/www.tarn.educagri.fr\/flamarens\/wp-content\/uploads\/2023\/09\/IMG-20181212-WA0007.jpg","inLanguage":"fr-FR"},{"@type":"WebPage","@id":"https:\/\/www.tarn.educagri.fr\/flamarens\/elementor-6299\/","url":"https:\/\/www.tarn.educagri.fr\/flamarens\/elementor-6299\/","name":"L'\u00e9ducation au d\u00e9veloppement durable au coeur du projet p\u00e9dagogique \u00e0 Flamarens - Lyc\u00e9e Flamarens Lavaur","isPartOf":{"@id":"https:\/\/www.tarn.educagri.fr\/flamarens\/#website"},"primaryImageOfPage":{"@id":"https:\/\/www.tarn.educagri.fr\/flamarens\/elementor-6299\/#primaryimage"},"image":{"@id":"https:\/\/www.tarn.educagri.fr\/flamarens\/elementor-6299\/#primaryimage"},"thumbnailUrl":"https:\/\/www.tarn.educagri.fr\/flamarens\/wp-content\/uploads\/2023\/09\/IMG-20181212-WA0007.jpg","datePublished":"2023-09-11T11:37:40+00:00","dateModified":"2023-09-11T11:50:04+00:00","breadcrumb":{"@id":"https:\/\/www.tarn.educagri.fr\/flamarens\/elementor-6299\/#breadcrumb"},"inLanguage":"fr-FR","potentialAction":[{"@type":"ReadAction","target":["https:\/\/www.tarn.educagri.fr\/flamarens\/elementor-6299\/"]}]},{"@type":"ImageObject","inLanguage":"fr-FR","@id":"https:\/\/www.tarn.educagri.fr\/flamarens\/elementor-6299\/#primaryimage","url":"https:\/\/www.tarn.educagri.fr\/flamarens\/wp-content\/uploads\/2023\/09\/IMG-20181212-WA0007.jpg","contentUrl":"https:\/\/www.tarn.educagri.fr\/flamarens\/wp-content\/uploads\/2023\/09\/IMG-20181212-WA0007.jpg","width":1200,"height":1600},{"@type":"BreadcrumbList","@id":"https:\/\/www.tarn.educagri.fr\/flamarens\/elementor-6299\/#breadcrumb","itemListElement":[{"@type":"ListItem","position":1,"name":"Accueil","item":"https:\/\/www.tarn.educagri.fr\/flamarens\/"},{"@type":"ListItem","position":2,"name":"L&rsquo;\u00e9ducation au d\u00e9veloppement durable au coeur du projet p\u00e9dagogique \u00e0 Flamarens"}]},{"@type":"WebSite","@id":"https:\/\/www.tarn.educagri.fr\/flamarens\/#website","url":"https:\/\/www.tarn.educagri.fr\/flamarens\/","name":"Lyc\u00e9e Flamarens Lavaur","description":"Le campus des possibles","publisher":{"@id":"https:\/\/www.tarn.educagri.fr\/flamarens\/#organization"},"potentialAction":[{"@type":"SearchAction","target":{"@type":"EntryPoint","urlTemplate":"https:\/\/www.tarn.educagri.fr\/flamarens\/?s={search_term_string}"},"query-input":{"@type":"PropertyValueSpecification","valueRequired":true,"valueName":"search_term_string"}}],"inLanguage":"fr-FR"},{"@type":"Organization","@id":"https:\/\/www.tarn.educagri.fr\/flamarens\/#organization","name":"Etablissement agro environnemental du Tarn","url":"https:\/\/www.tarn.educagri.fr\/flamarens\/","logo":{"@type":"ImageObject","inLanguage":"fr-FR","@id":"https:\/\/www.tarn.educagri.fr\/flamarens\/#\/schema\/logo\/image\/","url":"https:\/\/www.tarn.educagri.fr\/flamarens\/wp-content\/uploads\/2018\/05\/logo-EPl.jpg","contentUrl":"https:\/\/www.tarn.educagri.fr\/flamarens\/wp-content\/uploads\/2018\/05\/logo-EPl.jpg","width":624,"height":624,"caption":"Etablissement agro environnemental du Tarn"},"image":{"@id":"https:\/\/www.tarn.educagri.fr\/flamarens\/#\/schema\/logo\/image\/"}},{"@type":"Person","@id":"https:\/\/www.tarn.educagri.fr\/flamarens\/#\/schema\/person\/5bff1f3a6e7f4bada34a52f3ffd914c2","name":"Marie SCHMIDT","image":{"@type":"ImageObject","inLanguage":"fr-FR","@id":"https:\/\/secure.gravatar.com\/avatar\/2bd3fa8b991b0d7b5453824e1ab84c48e205472ce59b60d7a226d0606517f907?s=96&d=mm&r=g","url":"https:\/\/secure.gravatar.com\/avatar\/2bd3fa8b991b0d7b5453824e1ab84c48e205472ce59b60d7a226d0606517f907?s=96&d=mm&r=g","contentUrl":"https:\/\/secure.gravatar.com\/avatar\/2bd3fa8b991b0d7b5453824e1ab84c48e205472ce59b60d7a226d0606517f907?s=96&d=mm&r=g","caption":"Marie SCHMIDT"}}]}},"_links":{"self":[{"href":"https:\/\/www.tarn.educagri.fr\/flamarens\/wp-json\/wp\/v2\/posts\/6299","targetHints":{"allow":["GET"]}}],"collection":[{"href":"https:\/\/www.tarn.educagri.fr\/flamarens\/wp-json\/wp\/v2\/posts"}],"about":[{"href":"https:\/\/www.tarn.educagri.fr\/flamarens\/wp-json\/wp\/v2\/types\/post"}],"author":[{"embeddable":true,"href":"https:\/\/www.tarn.educagri.fr\/flamarens\/wp-json\/wp\/v2\/users\/6"}],"replies":[{"embeddable":true,"href":"https:\/\/www.tarn.educagri.fr\/flamarens\/wp-json\/wp\/v2\/comments?post=6299"}],"version-history":[{"count":17,"href":"https:\/\/www.tarn.educagri.fr\/flamarens\/wp-json\/wp\/v2\/posts\/6299\/revisions"}],"predecessor-version":[{"id":6318,"href":"https:\/\/www.tarn.educagri.fr\/flamarens\/wp-json\/wp\/v2\/posts\/6299\/revisions\/6318"}],"wp:featuredmedia":[{"embeddable":true,"href":"https:\/\/www.tarn.educagri.fr\/flamarens\/wp-json\/wp\/v2\/media\/6302"}],"wp:attachment":[{"href":"https:\/\/www.tarn.educagri.fr\/flamarens\/wp-json\/wp\/v2\/media?parent=6299"}],"wp:term":[{"taxonomy":"category","embeddable":true,"href":"https:\/\/www.tarn.educagri.fr\/flamarens\/wp-json\/wp\/v2\/categories?post=6299"},{"taxonomy":"post_tag","embeddable":true,"href":"https:\/\/www.tarn.educagri.fr\/flamarens\/wp-json\/wp\/v2\/tags?post=6299"}],"curies":[{"name":"wp","href":"https:\/\/api.w.org\/{rel}","templated":true}]}}