{"id":6359,"date":"2023-11-24T12:17:22","date_gmt":"2023-11-24T11:17:22","guid":{"rendered":"https:\/\/www.tarn.educagri.fr\/flamarens\/?p=6359"},"modified":"2023-11-24T12:21:50","modified_gmt":"2023-11-24T11:21:50","slug":"au-lpa-on-apprend-en-faisant","status":"publish","type":"post","link":"https:\/\/www.tarn.educagri.fr\/flamarens\/au-lpa-on-apprend-en-faisant\/","title":{"rendered":"Au LPA on apprend en faisant !"},"content":{"rendered":"\t\t<div data-elementor-type=\"wp-post\" data-elementor-id=\"6359\" class=\"elementor elementor-6359\" data-elementor-post-type=\"post\">\n\t\t\t\t\t\t<section class=\"elementor-section elementor-top-section elementor-element elementor-element-2881be7 elementor-section-boxed elementor-section-height-default elementor-section-height-default\" data-id=\"2881be7\" data-element_type=\"section\" data-e-type=\"section\">\n\t\t\t\t\t\t<div class=\"elementor-container elementor-column-gap-default\">\n\t\t\t\t\t<div class=\"elementor-column elementor-col-100 elementor-top-column elementor-element elementor-element-d853f0d\" data-id=\"d853f0d\" data-element_type=\"column\" data-e-type=\"column\">\n\t\t\t<div class=\"elementor-widget-wrap elementor-element-populated\">\n\t\t\t\t\t\t<div class=\"elementor-element elementor-element-06f9dca elementor-widget elementor-widget-gallery\" data-id=\"06f9dca\" data-element_type=\"widget\" data-e-type=\"widget\" data-settings=\"{&quot;lazyload&quot;:&quot;yes&quot;,&quot;gallery_layout&quot;:&quot;grid&quot;,&quot;columns&quot;:4,&quot;columns_tablet&quot;:2,&quot;columns_mobile&quot;:1,&quot;gap&quot;:{&quot;unit&quot;:&quot;px&quot;,&quot;size&quot;:10,&quot;sizes&quot;:[]},&quot;gap_tablet&quot;:{&quot;unit&quot;:&quot;px&quot;,&quot;size&quot;:10,&quot;sizes&quot;:[]},&quot;gap_mobile&quot;:{&quot;unit&quot;:&quot;px&quot;,&quot;size&quot;:10,&quot;sizes&quot;:[]},&quot;link_to&quot;:&quot;file&quot;,&quot;aspect_ratio&quot;:&quot;3:2&quot;,&quot;overlay_background&quot;:&quot;yes&quot;,&quot;content_hover_animation&quot;:&quot;fade-in&quot;}\" data-widget_type=\"gallery.default\">\n\t\t\t\t<div class=\"elementor-widget-container\">\n\t\t\t\t\t\t\t<div class=\"elementor-gallery__container\">\n\t\t\t\t\t\t\t<a class=\"e-gallery-item elementor-gallery-item elementor-animated-content\" href=\"https:\/\/www.tarn.educagri.fr\/flamarens\/wp-content\/uploads\/2023\/11\/image0000011-2.jpg\" data-elementor-open-lightbox=\"yes\" data-elementor-lightbox-slideshow=\"06f9dca\" data-elementor-lightbox-title=\"projet plantation plantes comestibles et mellif\u00e8res  (2)\" data-e-action-hash=\"#elementor-action%3Aaction%3Dlightbox%26settings%3DeyJpZCI6NjM2MiwidXJsIjoiaHR0cHM6XC9cL3d3dy50YXJuLmVkdWNhZ3JpLmZyXC9mbGFtYXJlbnNcL3dwLWNvbnRlbnRcL3VwbG9hZHNcLzIwMjNcLzExXC9pbWFnZTAwMDAwMTEtMi5qcGciLCJzbGlkZXNob3ciOiIwNmY5ZGNhIn0%3D\">\n\t\t\t\t\t<div class=\"e-gallery-image elementor-gallery-item__image\" data-thumbnail=\"https:\/\/www.tarn.educagri.fr\/flamarens\/wp-content\/uploads\/2023\/11\/image0000011-2-226x300.jpg\" data-width=\"226\" data-height=\"300\" aria-label=\"\" role=\"img\" ><\/div>\n\t\t\t\t\t\t\t\t\t\t\t<div class=\"elementor-gallery-item__overlay\"><\/div>\n\t\t\t\t\t\t\t\t\t\t\t\t\t\t<\/a>\n\t\t\t\t\t\t\t<a class=\"e-gallery-item elementor-gallery-item elementor-animated-content\" href=\"https:\/\/www.tarn.educagri.fr\/flamarens\/wp-content\/uploads\/2023\/11\/IMG_20231117_111831-scaled.jpg\" data-elementor-open-lightbox=\"yes\" data-elementor-lightbox-slideshow=\"06f9dca\" data-elementor-lightbox-title=\"projet radio 3e rdautan\" data-e-action-hash=\"#elementor-action%3Aaction%3Dlightbox%26settings%3DeyJpZCI6NjM1NCwidXJsIjoiaHR0cHM6XC9cL3d3dy50YXJuLmVkdWNhZ3JpLmZyXC9mbGFtYXJlbnNcL3dwLWNvbnRlbnRcL3VwbG9hZHNcLzIwMjNcLzExXC9JTUdfMjAyMzExMTdfMTExODMxLXNjYWxlZC5qcGciLCJzbGlkZXNob3ciOiIwNmY5ZGNhIn0%3D\">\n\t\t\t\t\t<div class=\"e-gallery-image elementor-gallery-item__image\" data-thumbnail=\"https:\/\/www.tarn.educagri.fr\/flamarens\/wp-content\/uploads\/2023\/11\/IMG_20231117_111831-300x225.jpg\" data-width=\"300\" data-height=\"225\" aria-label=\"\" role=\"img\" ><\/div>\n\t\t\t\t\t\t\t\t\t\t\t<div class=\"elementor-gallery-item__overlay\"><\/div>\n\t\t\t\t\t\t\t\t\t\t\t\t\t\t<\/a>\n\t\t\t\t\t\t\t<a class=\"e-gallery-item elementor-gallery-item elementor-animated-content\" href=\"https:\/\/www.tarn.educagri.fr\/flamarens\/wp-content\/uploads\/2023\/05\/PXL_20230419_081404737-scaled.jpg\" data-elementor-open-lightbox=\"yes\" data-elementor-lightbox-slideshow=\"06f9dca\" data-elementor-lightbox-title=\"PXL_20230419_081404737\" data-e-action-hash=\"#elementor-action%3Aaction%3Dlightbox%26settings%3DeyJpZCI6NjI0OCwidXJsIjoiaHR0cHM6XC9cL3d3dy50YXJuLmVkdWNhZ3JpLmZyXC9mbGFtYXJlbnNcL3dwLWNvbnRlbnRcL3VwbG9hZHNcLzIwMjNcLzA1XC9QWExfMjAyMzA0MTlfMDgxNDA0NzM3LXNjYWxlZC5qcGciLCJzbGlkZXNob3ciOiIwNmY5ZGNhIn0%3D\">\n\t\t\t\t\t<div class=\"e-gallery-image elementor-gallery-item__image\" data-thumbnail=\"https:\/\/www.tarn.educagri.fr\/flamarens\/wp-content\/uploads\/2023\/05\/PXL_20230419_081404737-225x300.jpg\" data-width=\"225\" data-height=\"300\" aria-label=\"\" role=\"img\" ><\/div>\n\t\t\t\t\t\t\t\t\t\t\t<div class=\"elementor-gallery-item__overlay\"><\/div>\n\t\t\t\t\t\t\t\t\t\t\t\t\t\t<\/a>\n\t\t\t\t\t\t\t<a class=\"e-gallery-item elementor-gallery-item elementor-animated-content\" href=\"https:\/\/www.tarn.educagri.fr\/flamarens\/wp-content\/uploads\/2023\/05\/3e-observant-terre.jpg\" data-elementor-open-lightbox=\"yes\" data-elementor-lightbox-slideshow=\"06f9dca\" data-elementor-lightbox-title=\"3e observant terre\" data-e-action-hash=\"#elementor-action%3Aaction%3Dlightbox%26settings%3DeyJpZCI6NjI0MywidXJsIjoiaHR0cHM6XC9cL3d3dy50YXJuLmVkdWNhZ3JpLmZyXC9mbGFtYXJlbnNcL3dwLWNvbnRlbnRcL3VwbG9hZHNcLzIwMjNcLzA1XC8zZS1vYnNlcnZhbnQtdGVycmUuanBnIiwic2xpZGVzaG93IjoiMDZmOWRjYSJ9\">\n\t\t\t\t\t<div class=\"e-gallery-image elementor-gallery-item__image\" data-thumbnail=\"https:\/\/www.tarn.educagri.fr\/flamarens\/wp-content\/uploads\/2023\/05\/3e-observant-terre-225x300.jpg\" data-width=\"225\" data-height=\"300\" aria-label=\"\" role=\"img\" ><\/div>\n\t\t\t\t\t\t\t\t\t\t\t<div class=\"elementor-gallery-item__overlay\"><\/div>\n\t\t\t\t\t\t\t\t\t\t\t\t\t\t<\/a>\n\t\t\t\t\t\t\t<a class=\"e-gallery-item elementor-gallery-item elementor-animated-content\" href=\"https:\/\/www.tarn.educagri.fr\/flamarens\/wp-content\/uploads\/2023\/03\/groupe-observant-cadre.jpg\" data-elementor-open-lightbox=\"yes\" data-elementor-lightbox-slideshow=\"06f9dca\" data-elementor-lightbox-title=\"groupe observant cadre\" data-e-action-hash=\"#elementor-action%3Aaction%3Dlightbox%26settings%3DeyJpZCI6NjE4MywidXJsIjoiaHR0cHM6XC9cL3d3dy50YXJuLmVkdWNhZ3JpLmZyXC9mbGFtYXJlbnNcL3dwLWNvbnRlbnRcL3VwbG9hZHNcLzIwMjNcLzAzXC9ncm91cGUtb2JzZXJ2YW50LWNhZHJlLmpwZyIsInNsaWRlc2hvdyI6IjA2ZjlkY2EifQ%3D%3D\">\n\t\t\t\t\t<div class=\"e-gallery-image elementor-gallery-item__image\" data-thumbnail=\"https:\/\/www.tarn.educagri.fr\/flamarens\/wp-content\/uploads\/2023\/03\/groupe-observant-cadre-300x225.jpg\" data-width=\"300\" data-height=\"225\" aria-label=\"\" role=\"img\" ><\/div>\n\t\t\t\t\t\t\t\t\t\t\t<div class=\"elementor-gallery-item__overlay\"><\/div>\n\t\t\t\t\t\t\t\t\t\t\t\t\t\t<\/a>\n\t\t\t\t\t\t\t<a class=\"e-gallery-item elementor-gallery-item elementor-animated-content\" href=\"https:\/\/www.tarn.educagri.fr\/flamarens\/wp-content\/uploads\/2023\/11\/IMG_20231117_102859-scaled.jpg\" data-elementor-open-lightbox=\"yes\" data-elementor-lightbox-slideshow=\"06f9dca\" data-elementor-lightbox-title=\"projet radio 3e plateau\" data-e-action-hash=\"#elementor-action%3Aaction%3Dlightbox%26settings%3DeyJpZCI6NjM1MiwidXJsIjoiaHR0cHM6XC9cL3d3dy50YXJuLmVkdWNhZ3JpLmZyXC9mbGFtYXJlbnNcL3dwLWNvbnRlbnRcL3VwbG9hZHNcLzIwMjNcLzExXC9JTUdfMjAyMzExMTdfMTAyODU5LXNjYWxlZC5qcGciLCJzbGlkZXNob3ciOiIwNmY5ZGNhIn0%3D\">\n\t\t\t\t\t<div class=\"e-gallery-image elementor-gallery-item__image\" data-thumbnail=\"https:\/\/www.tarn.educagri.fr\/flamarens\/wp-content\/uploads\/2023\/11\/IMG_20231117_102859-225x300.jpg\" data-width=\"225\" data-height=\"300\" aria-label=\"\" role=\"img\" ><\/div>\n\t\t\t\t\t\t\t\t\t\t\t<div class=\"elementor-gallery-item__overlay\"><\/div>\n\t\t\t\t\t\t\t\t\t\t\t\t\t\t<\/a>\n\t\t\t\t\t\t\t<a class=\"e-gallery-item elementor-gallery-item elementor-animated-content\" href=\"https:\/\/www.tarn.educagri.fr\/flamarens\/wp-content\/uploads\/2023\/11\/image0000031.jpg\" data-elementor-open-lightbox=\"yes\" data-elementor-lightbox-slideshow=\"06f9dca\" data-elementor-lightbox-title=\"projet plantation plantes comestibles et mellif\u00e8res 0000031\" data-e-action-hash=\"#elementor-action%3Aaction%3Dlightbox%26settings%3DeyJpZCI6NjM2NCwidXJsIjoiaHR0cHM6XC9cL3d3dy50YXJuLmVkdWNhZ3JpLmZyXC9mbGFtYXJlbnNcL3dwLWNvbnRlbnRcL3VwbG9hZHNcLzIwMjNcLzExXC9pbWFnZTAwMDAwMzEuanBnIiwic2xpZGVzaG93IjoiMDZmOWRjYSJ9\">\n\t\t\t\t\t<div class=\"e-gallery-image elementor-gallery-item__image\" data-thumbnail=\"https:\/\/www.tarn.educagri.fr\/flamarens\/wp-content\/uploads\/2023\/11\/image0000031-226x300.jpg\" data-width=\"226\" data-height=\"300\" aria-label=\"\" role=\"img\" ><\/div>\n\t\t\t\t\t\t\t\t\t\t\t<div class=\"elementor-gallery-item__overlay\"><\/div>\n\t\t\t\t\t\t\t\t\t\t\t\t\t\t<\/a>\n\t\t\t\t\t\t\t<a class=\"e-gallery-item elementor-gallery-item elementor-animated-content\" href=\"https:\/\/www.tarn.educagri.fr\/flamarens\/wp-content\/uploads\/2023\/07\/IMG_20230622_090812-scaled.jpg\" data-elementor-open-lightbox=\"yes\" data-elementor-lightbox-slideshow=\"06f9dca\" data-elementor-lightbox-title=\"collection de bl\u00e9s anciens\" data-e-action-hash=\"#elementor-action%3Aaction%3Dlightbox%26settings%3DeyJpZCI6NjI2MSwidXJsIjoiaHR0cHM6XC9cL3d3dy50YXJuLmVkdWNhZ3JpLmZyXC9mbGFtYXJlbnNcL3dwLWNvbnRlbnRcL3VwbG9hZHNcLzIwMjNcLzA3XC9JTUdfMjAyMzA2MjJfMDkwODEyLXNjYWxlZC5qcGciLCJzbGlkZXNob3ciOiIwNmY5ZGNhIn0%3D\">\n\t\t\t\t\t<div class=\"e-gallery-image elementor-gallery-item__image\" data-thumbnail=\"https:\/\/www.tarn.educagri.fr\/flamarens\/wp-content\/uploads\/2023\/07\/IMG_20230622_090812-226x300.jpg\" data-width=\"226\" data-height=\"300\" aria-label=\"collection de bl\u00e9s anciens\" role=\"img\" ><\/div>\n\t\t\t\t\t\t\t\t\t\t\t<div class=\"elementor-gallery-item__overlay\"><\/div>\n\t\t\t\t\t\t\t\t\t\t\t\t\t\t<\/a>\n\t\t\t\t\t<\/div>\n\t\t\t\t\t<\/div>\n\t\t\t\t<\/div>\n\t\t\t\t<div class=\"elementor-element elementor-element-c3508d8 elementor-widget elementor-widget-text-editor\" data-id=\"c3508d8\" data-element_type=\"widget\" data-e-type=\"widget\" data-widget_type=\"text-editor.default\">\n\t\t\t\t<div class=\"elementor-widget-container\">\n\t\t\t\t\t\t\t\t\t<p>Les \u00e9quipes du LPA s&rsquo;impliquent pour proposer aux \u00e9l\u00e8ves des <strong>projets \u00e9ducatifs motivants et concrets<\/strong>. Ces projets sont financ\u00e9s gr\u00e2ce \u00e0 des appels \u00e0 projets nationaux ou r\u00e9gionaux et permettent de proposer des s\u00e9ances d&rsquo;apprentissages riches, concr\u00e8tes et diversifi\u00e9s \u00e0 nos \u00e9l\u00e8ves. Quelques projets pour exemple :<\/p><ul><li>avec le <strong>Pass Culture<\/strong> les \u00e9l\u00e8ves de 3\u00e8me ont pu b\u00e9n\u00e9ficier d&rsquo;un projet avec la radio R D&rsquo;autan pour apprendre \u00e0 s&rsquo;informer pour informer<\/li><li>avec un<strong> financement conjoint r\u00e9gion\/\u00e9tat<\/strong> chaque ann\u00e9e, les \u00e9l\u00e8ves de 4\u00e8me travaillent avec une compagnie de cirque pour monter un spectacle et ainsi prendre confiance en eux, apprendre \u00e0 s&rsquo;exprimer, faire du sport&#8230;<\/li><li>avec un financement r\u00e9gion <strong>\u00ab\u00a0Lyc\u00e9e \u00e0 \u00e9nergie positive\u00a0\u00bb<\/strong> sont financ\u00e9s un grand nombres d&rsquo;actions autour de th\u00e9matiques comme l&rsquo;eau, la sant\u00e9 et l&rsquo;environnement et la biodiversit\u00e9. Dans ce projet des \u00e9l\u00e8ves ont pu par exemple, implanter dans les espaces verts du lyc\u00e9e des plantes comestibles et mellif\u00e8res. Ils ont ainsi \u00e9t\u00e9 sensibilis\u00e9 \u00e0 l&rsquo;importance du maintien de la biodiversit\u00e9, \u00e0 l\u2019impact du changement climatique sur les v\u00e9g\u00e9taux&#8230; Un exemple parmi tant d&rsquo;autres dans ce projet qui a permis \u00e9galement de r\u00e9aliser la journ\u00e9e du vers de terre, la plantation de haies sur l&rsquo;exploitation, la mise en place de collections de bl\u00e9s&#8230;<\/li><\/ul><p>L&rsquo;\u00e9quipe \u00e9ducative du LPA se mobilise pour les \u00e9l\u00e8ves car comme le disait Aristote : \u00ab\u00a0Ce que nous devons apprendre \u00e0 faire, nous l&rsquo;apprenons en le faisant.\u00a0\u00bb<\/p>\t\t\t\t\t\t\t\t<\/div>\n\t\t\t\t<\/div>\n\t\t\t\t\t<\/div>\n\t\t<\/div>\n\t\t\t\t\t<\/div>\n\t\t<\/section>\n\t\t\t\t<\/div>\n\t\t","protected":false},"excerpt":{"rendered":"<p>Les \u00e9quipes du LPA s&rsquo;impliquent pour proposer aux \u00e9l\u00e8ves des projets \u00e9ducatifs motivants et concrets. Ces projets sont financ\u00e9s gr\u00e2ce \u00e0 des appels \u00e0 projets&hellip;<\/p>\n","protected":false},"author":6,"featured_media":6367,"comment_status":"closed","ping_status":"closed","sticky":false,"template":"","format":"standard","meta":{"footnotes":""},"categories":[1],"tags":[],"class_list":["post-6359","post","type-post","status-publish","format-standard","has-post-thumbnail","hentry","category-non-classe"],"yoast_head":"<!-- This site is optimized with the Yoast SEO plugin v27.3 - https:\/\/yoast.com\/product\/yoast-seo-wordpress\/ -->\n<title>Au LPA on apprend en faisant ! - Lyc\u00e9e Flamarens Lavaur<\/title>\n<meta name=\"robots\" content=\"index, follow, max-snippet:-1, max-image-preview:large, max-video-preview:-1\" \/>\n<link rel=\"canonical\" href=\"https:\/\/www.tarn.educagri.fr\/flamarens\/au-lpa-on-apprend-en-faisant\/\" \/>\n<meta property=\"og:locale\" content=\"fr_FR\" \/>\n<meta property=\"og:type\" content=\"article\" \/>\n<meta property=\"og:title\" content=\"Au LPA on apprend en faisant ! - Lyc\u00e9e Flamarens Lavaur\" \/>\n<meta property=\"og:description\" content=\"Les \u00e9quipes du LPA s&rsquo;impliquent pour proposer aux \u00e9l\u00e8ves des projets \u00e9ducatifs motivants et concrets. Ces projets sont financ\u00e9s gr\u00e2ce \u00e0 des appels \u00e0 projets&hellip;\" \/>\n<meta property=\"og:url\" content=\"https:\/\/www.tarn.educagri.fr\/flamarens\/au-lpa-on-apprend-en-faisant\/\" \/>\n<meta property=\"og:site_name\" content=\"Lyc\u00e9e Flamarens Lavaur\" \/>\n<meta property=\"article:published_time\" content=\"2023-11-24T11:17:22+00:00\" \/>\n<meta property=\"article:modified_time\" content=\"2023-11-24T11:21:50+00:00\" \/>\n<meta property=\"og:image\" content=\"https:\/\/www.tarn.educagri.fr\/flamarens\/wp-content\/uploads\/2023\/11\/865083747486605430.jpg\" \/>\n\t<meta property=\"og:image:width\" content=\"1200\" \/>\n\t<meta property=\"og:image:height\" content=\"1600\" \/>\n\t<meta property=\"og:image:type\" content=\"image\/jpeg\" \/>\n<meta name=\"author\" content=\"Marie SCHMIDT\" \/>\n<meta name=\"twitter:card\" content=\"summary_large_image\" \/>\n<meta name=\"twitter:label1\" content=\"\u00c9crit par\" \/>\n\t<meta name=\"twitter:data1\" content=\"Marie SCHMIDT\" \/>\n\t<meta name=\"twitter:label2\" content=\"Dur\u00e9e de lecture estim\u00e9e\" \/>\n\t<meta name=\"twitter:data2\" content=\"1 minute\" \/>\n<script type=\"application\/ld+json\" class=\"yoast-schema-graph\">{\"@context\":\"https:\\\/\\\/schema.org\",\"@graph\":[{\"@type\":\"Article\",\"@id\":\"https:\\\/\\\/www.tarn.educagri.fr\\\/flamarens\\\/au-lpa-on-apprend-en-faisant\\\/#article\",\"isPartOf\":{\"@id\":\"https:\\\/\\\/www.tarn.educagri.fr\\\/flamarens\\\/au-lpa-on-apprend-en-faisant\\\/\"},\"author\":{\"name\":\"Marie SCHMIDT\",\"@id\":\"https:\\\/\\\/www.tarn.educagri.fr\\\/flamarens\\\/#\\\/schema\\\/person\\\/5bff1f3a6e7f4bada34a52f3ffd914c2\"},\"headline\":\"Au LPA on apprend en faisant !\",\"datePublished\":\"2023-11-24T11:17:22+00:00\",\"dateModified\":\"2023-11-24T11:21:50+00:00\",\"mainEntityOfPage\":{\"@id\":\"https:\\\/\\\/www.tarn.educagri.fr\\\/flamarens\\\/au-lpa-on-apprend-en-faisant\\\/\"},\"wordCount\":270,\"publisher\":{\"@id\":\"https:\\\/\\\/www.tarn.educagri.fr\\\/flamarens\\\/#organization\"},\"image\":{\"@id\":\"https:\\\/\\\/www.tarn.educagri.fr\\\/flamarens\\\/au-lpa-on-apprend-en-faisant\\\/#primaryimage\"},\"thumbnailUrl\":\"https:\\\/\\\/www.tarn.educagri.fr\\\/flamarens\\\/wp-content\\\/uploads\\\/2023\\\/11\\\/865083747486605430.jpg\",\"inLanguage\":\"fr-FR\"},{\"@type\":\"WebPage\",\"@id\":\"https:\\\/\\\/www.tarn.educagri.fr\\\/flamarens\\\/au-lpa-on-apprend-en-faisant\\\/\",\"url\":\"https:\\\/\\\/www.tarn.educagri.fr\\\/flamarens\\\/au-lpa-on-apprend-en-faisant\\\/\",\"name\":\"Au LPA on apprend en faisant ! - Lyc\u00e9e Flamarens Lavaur\",\"isPartOf\":{\"@id\":\"https:\\\/\\\/www.tarn.educagri.fr\\\/flamarens\\\/#website\"},\"primaryImageOfPage\":{\"@id\":\"https:\\\/\\\/www.tarn.educagri.fr\\\/flamarens\\\/au-lpa-on-apprend-en-faisant\\\/#primaryimage\"},\"image\":{\"@id\":\"https:\\\/\\\/www.tarn.educagri.fr\\\/flamarens\\\/au-lpa-on-apprend-en-faisant\\\/#primaryimage\"},\"thumbnailUrl\":\"https:\\\/\\\/www.tarn.educagri.fr\\\/flamarens\\\/wp-content\\\/uploads\\\/2023\\\/11\\\/865083747486605430.jpg\",\"datePublished\":\"2023-11-24T11:17:22+00:00\",\"dateModified\":\"2023-11-24T11:21:50+00:00\",\"breadcrumb\":{\"@id\":\"https:\\\/\\\/www.tarn.educagri.fr\\\/flamarens\\\/au-lpa-on-apprend-en-faisant\\\/#breadcrumb\"},\"inLanguage\":\"fr-FR\",\"potentialAction\":[{\"@type\":\"ReadAction\",\"target\":[\"https:\\\/\\\/www.tarn.educagri.fr\\\/flamarens\\\/au-lpa-on-apprend-en-faisant\\\/\"]}]},{\"@type\":\"ImageObject\",\"inLanguage\":\"fr-FR\",\"@id\":\"https:\\\/\\\/www.tarn.educagri.fr\\\/flamarens\\\/au-lpa-on-apprend-en-faisant\\\/#primaryimage\",\"url\":\"https:\\\/\\\/www.tarn.educagri.fr\\\/flamarens\\\/wp-content\\\/uploads\\\/2023\\\/11\\\/865083747486605430.jpg\",\"contentUrl\":\"https:\\\/\\\/www.tarn.educagri.fr\\\/flamarens\\\/wp-content\\\/uploads\\\/2023\\\/11\\\/865083747486605430.jpg\",\"width\":1200,\"height\":1600},{\"@type\":\"BreadcrumbList\",\"@id\":\"https:\\\/\\\/www.tarn.educagri.fr\\\/flamarens\\\/au-lpa-on-apprend-en-faisant\\\/#breadcrumb\",\"itemListElement\":[{\"@type\":\"ListItem\",\"position\":1,\"name\":\"Accueil\",\"item\":\"https:\\\/\\\/www.tarn.educagri.fr\\\/flamarens\\\/\"},{\"@type\":\"ListItem\",\"position\":2,\"name\":\"Au LPA on apprend en faisant !\"}]},{\"@type\":\"WebSite\",\"@id\":\"https:\\\/\\\/www.tarn.educagri.fr\\\/flamarens\\\/#website\",\"url\":\"https:\\\/\\\/www.tarn.educagri.fr\\\/flamarens\\\/\",\"name\":\"Lyc\u00e9e Flamarens Lavaur\",\"description\":\"Le campus des possibles\",\"publisher\":{\"@id\":\"https:\\\/\\\/www.tarn.educagri.fr\\\/flamarens\\\/#organization\"},\"potentialAction\":[{\"@type\":\"SearchAction\",\"target\":{\"@type\":\"EntryPoint\",\"urlTemplate\":\"https:\\\/\\\/www.tarn.educagri.fr\\\/flamarens\\\/?s={search_term_string}\"},\"query-input\":{\"@type\":\"PropertyValueSpecification\",\"valueRequired\":true,\"valueName\":\"search_term_string\"}}],\"inLanguage\":\"fr-FR\"},{\"@type\":\"Organization\",\"@id\":\"https:\\\/\\\/www.tarn.educagri.fr\\\/flamarens\\\/#organization\",\"name\":\"Etablissement agro environnemental du Tarn\",\"url\":\"https:\\\/\\\/www.tarn.educagri.fr\\\/flamarens\\\/\",\"logo\":{\"@type\":\"ImageObject\",\"inLanguage\":\"fr-FR\",\"@id\":\"https:\\\/\\\/www.tarn.educagri.fr\\\/flamarens\\\/#\\\/schema\\\/logo\\\/image\\\/\",\"url\":\"https:\\\/\\\/www.tarn.educagri.fr\\\/flamarens\\\/wp-content\\\/uploads\\\/2018\\\/05\\\/logo-EPl.jpg\",\"contentUrl\":\"https:\\\/\\\/www.tarn.educagri.fr\\\/flamarens\\\/wp-content\\\/uploads\\\/2018\\\/05\\\/logo-EPl.jpg\",\"width\":624,\"height\":624,\"caption\":\"Etablissement agro environnemental du Tarn\"},\"image\":{\"@id\":\"https:\\\/\\\/www.tarn.educagri.fr\\\/flamarens\\\/#\\\/schema\\\/logo\\\/image\\\/\"}},{\"@type\":\"Person\",\"@id\":\"https:\\\/\\\/www.tarn.educagri.fr\\\/flamarens\\\/#\\\/schema\\\/person\\\/5bff1f3a6e7f4bada34a52f3ffd914c2\",\"name\":\"Marie SCHMIDT\",\"image\":{\"@type\":\"ImageObject\",\"inLanguage\":\"fr-FR\",\"@id\":\"https:\\\/\\\/secure.gravatar.com\\\/avatar\\\/2bd3fa8b991b0d7b5453824e1ab84c48e205472ce59b60d7a226d0606517f907?s=96&d=mm&r=g\",\"url\":\"https:\\\/\\\/secure.gravatar.com\\\/avatar\\\/2bd3fa8b991b0d7b5453824e1ab84c48e205472ce59b60d7a226d0606517f907?s=96&d=mm&r=g\",\"contentUrl\":\"https:\\\/\\\/secure.gravatar.com\\\/avatar\\\/2bd3fa8b991b0d7b5453824e1ab84c48e205472ce59b60d7a226d0606517f907?s=96&d=mm&r=g\",\"caption\":\"Marie SCHMIDT\"}}]}<\/script>\n<!-- \/ Yoast SEO plugin. -->","yoast_head_json":{"title":"Au LPA on apprend en faisant ! - Lyc\u00e9e Flamarens Lavaur","robots":{"index":"index","follow":"follow","max-snippet":"max-snippet:-1","max-image-preview":"max-image-preview:large","max-video-preview":"max-video-preview:-1"},"canonical":"https:\/\/www.tarn.educagri.fr\/flamarens\/au-lpa-on-apprend-en-faisant\/","og_locale":"fr_FR","og_type":"article","og_title":"Au LPA on apprend en faisant ! - Lyc\u00e9e Flamarens Lavaur","og_description":"Les \u00e9quipes du LPA s&rsquo;impliquent pour proposer aux \u00e9l\u00e8ves des projets \u00e9ducatifs motivants et concrets. Ces projets sont financ\u00e9s gr\u00e2ce \u00e0 des appels \u00e0 projets&hellip;","og_url":"https:\/\/www.tarn.educagri.fr\/flamarens\/au-lpa-on-apprend-en-faisant\/","og_site_name":"Lyc\u00e9e Flamarens Lavaur","article_published_time":"2023-11-24T11:17:22+00:00","article_modified_time":"2023-11-24T11:21:50+00:00","og_image":[{"width":1200,"height":1600,"url":"https:\/\/www.tarn.educagri.fr\/flamarens\/wp-content\/uploads\/2023\/11\/865083747486605430.jpg","type":"image\/jpeg"}],"author":"Marie SCHMIDT","twitter_card":"summary_large_image","twitter_misc":{"\u00c9crit par":"Marie SCHMIDT","Dur\u00e9e de lecture estim\u00e9e":"1 minute"},"schema":{"@context":"https:\/\/schema.org","@graph":[{"@type":"Article","@id":"https:\/\/www.tarn.educagri.fr\/flamarens\/au-lpa-on-apprend-en-faisant\/#article","isPartOf":{"@id":"https:\/\/www.tarn.educagri.fr\/flamarens\/au-lpa-on-apprend-en-faisant\/"},"author":{"name":"Marie SCHMIDT","@id":"https:\/\/www.tarn.educagri.fr\/flamarens\/#\/schema\/person\/5bff1f3a6e7f4bada34a52f3ffd914c2"},"headline":"Au LPA on apprend en faisant !","datePublished":"2023-11-24T11:17:22+00:00","dateModified":"2023-11-24T11:21:50+00:00","mainEntityOfPage":{"@id":"https:\/\/www.tarn.educagri.fr\/flamarens\/au-lpa-on-apprend-en-faisant\/"},"wordCount":270,"publisher":{"@id":"https:\/\/www.tarn.educagri.fr\/flamarens\/#organization"},"image":{"@id":"https:\/\/www.tarn.educagri.fr\/flamarens\/au-lpa-on-apprend-en-faisant\/#primaryimage"},"thumbnailUrl":"https:\/\/www.tarn.educagri.fr\/flamarens\/wp-content\/uploads\/2023\/11\/865083747486605430.jpg","inLanguage":"fr-FR"},{"@type":"WebPage","@id":"https:\/\/www.tarn.educagri.fr\/flamarens\/au-lpa-on-apprend-en-faisant\/","url":"https:\/\/www.tarn.educagri.fr\/flamarens\/au-lpa-on-apprend-en-faisant\/","name":"Au LPA on apprend en faisant ! - Lyc\u00e9e Flamarens Lavaur","isPartOf":{"@id":"https:\/\/www.tarn.educagri.fr\/flamarens\/#website"},"primaryImageOfPage":{"@id":"https:\/\/www.tarn.educagri.fr\/flamarens\/au-lpa-on-apprend-en-faisant\/#primaryimage"},"image":{"@id":"https:\/\/www.tarn.educagri.fr\/flamarens\/au-lpa-on-apprend-en-faisant\/#primaryimage"},"thumbnailUrl":"https:\/\/www.tarn.educagri.fr\/flamarens\/wp-content\/uploads\/2023\/11\/865083747486605430.jpg","datePublished":"2023-11-24T11:17:22+00:00","dateModified":"2023-11-24T11:21:50+00:00","breadcrumb":{"@id":"https:\/\/www.tarn.educagri.fr\/flamarens\/au-lpa-on-apprend-en-faisant\/#breadcrumb"},"inLanguage":"fr-FR","potentialAction":[{"@type":"ReadAction","target":["https:\/\/www.tarn.educagri.fr\/flamarens\/au-lpa-on-apprend-en-faisant\/"]}]},{"@type":"ImageObject","inLanguage":"fr-FR","@id":"https:\/\/www.tarn.educagri.fr\/flamarens\/au-lpa-on-apprend-en-faisant\/#primaryimage","url":"https:\/\/www.tarn.educagri.fr\/flamarens\/wp-content\/uploads\/2023\/11\/865083747486605430.jpg","contentUrl":"https:\/\/www.tarn.educagri.fr\/flamarens\/wp-content\/uploads\/2023\/11\/865083747486605430.jpg","width":1200,"height":1600},{"@type":"BreadcrumbList","@id":"https:\/\/www.tarn.educagri.fr\/flamarens\/au-lpa-on-apprend-en-faisant\/#breadcrumb","itemListElement":[{"@type":"ListItem","position":1,"name":"Accueil","item":"https:\/\/www.tarn.educagri.fr\/flamarens\/"},{"@type":"ListItem","position":2,"name":"Au LPA on apprend en faisant !"}]},{"@type":"WebSite","@id":"https:\/\/www.tarn.educagri.fr\/flamarens\/#website","url":"https:\/\/www.tarn.educagri.fr\/flamarens\/","name":"Lyc\u00e9e Flamarens Lavaur","description":"Le campus des possibles","publisher":{"@id":"https:\/\/www.tarn.educagri.fr\/flamarens\/#organization"},"potentialAction":[{"@type":"SearchAction","target":{"@type":"EntryPoint","urlTemplate":"https:\/\/www.tarn.educagri.fr\/flamarens\/?s={search_term_string}"},"query-input":{"@type":"PropertyValueSpecification","valueRequired":true,"valueName":"search_term_string"}}],"inLanguage":"fr-FR"},{"@type":"Organization","@id":"https:\/\/www.tarn.educagri.fr\/flamarens\/#organization","name":"Etablissement agro environnemental du Tarn","url":"https:\/\/www.tarn.educagri.fr\/flamarens\/","logo":{"@type":"ImageObject","inLanguage":"fr-FR","@id":"https:\/\/www.tarn.educagri.fr\/flamarens\/#\/schema\/logo\/image\/","url":"https:\/\/www.tarn.educagri.fr\/flamarens\/wp-content\/uploads\/2018\/05\/logo-EPl.jpg","contentUrl":"https:\/\/www.tarn.educagri.fr\/flamarens\/wp-content\/uploads\/2018\/05\/logo-EPl.jpg","width":624,"height":624,"caption":"Etablissement agro environnemental du Tarn"},"image":{"@id":"https:\/\/www.tarn.educagri.fr\/flamarens\/#\/schema\/logo\/image\/"}},{"@type":"Person","@id":"https:\/\/www.tarn.educagri.fr\/flamarens\/#\/schema\/person\/5bff1f3a6e7f4bada34a52f3ffd914c2","name":"Marie SCHMIDT","image":{"@type":"ImageObject","inLanguage":"fr-FR","@id":"https:\/\/secure.gravatar.com\/avatar\/2bd3fa8b991b0d7b5453824e1ab84c48e205472ce59b60d7a226d0606517f907?s=96&d=mm&r=g","url":"https:\/\/secure.gravatar.com\/avatar\/2bd3fa8b991b0d7b5453824e1ab84c48e205472ce59b60d7a226d0606517f907?s=96&d=mm&r=g","contentUrl":"https:\/\/secure.gravatar.com\/avatar\/2bd3fa8b991b0d7b5453824e1ab84c48e205472ce59b60d7a226d0606517f907?s=96&d=mm&r=g","caption":"Marie SCHMIDT"}}]}},"_links":{"self":[{"href":"https:\/\/www.tarn.educagri.fr\/flamarens\/wp-json\/wp\/v2\/posts\/6359","targetHints":{"allow":["GET"]}}],"collection":[{"href":"https:\/\/www.tarn.educagri.fr\/flamarens\/wp-json\/wp\/v2\/posts"}],"about":[{"href":"https:\/\/www.tarn.educagri.fr\/flamarens\/wp-json\/wp\/v2\/types\/post"}],"author":[{"embeddable":true,"href":"https:\/\/www.tarn.educagri.fr\/flamarens\/wp-json\/wp\/v2\/users\/6"}],"replies":[{"embeddable":true,"href":"https:\/\/www.tarn.educagri.fr\/flamarens\/wp-json\/wp\/v2\/comments?post=6359"}],"version-history":[{"count":7,"href":"https:\/\/www.tarn.educagri.fr\/flamarens\/wp-json\/wp\/v2\/posts\/6359\/revisions"}],"predecessor-version":[{"id":6373,"href":"https:\/\/www.tarn.educagri.fr\/flamarens\/wp-json\/wp\/v2\/posts\/6359\/revisions\/6373"}],"wp:featuredmedia":[{"embeddable":true,"href":"https:\/\/www.tarn.educagri.fr\/flamarens\/wp-json\/wp\/v2\/media\/6367"}],"wp:attachment":[{"href":"https:\/\/www.tarn.educagri.fr\/flamarens\/wp-json\/wp\/v2\/media?parent=6359"}],"wp:term":[{"taxonomy":"category","embeddable":true,"href":"https:\/\/www.tarn.educagri.fr\/flamarens\/wp-json\/wp\/v2\/categories?post=6359"},{"taxonomy":"post_tag","embeddable":true,"href":"https:\/\/www.tarn.educagri.fr\/flamarens\/wp-json\/wp\/v2\/tags?post=6359"}],"curies":[{"name":"wp","href":"https:\/\/api.w.org\/{rel}","templated":true}]}}