{"id":6376,"date":"2023-12-07T09:53:32","date_gmt":"2023-12-07T08:53:32","guid":{"rendered":"https:\/\/www.tarn.educagri.fr\/flamarens\/?p=6376"},"modified":"2023-12-07T09:57:16","modified_gmt":"2023-12-07T08:57:16","slug":"ovinpiades-concours-de-jugement-danimaux-et-journee-dediee-a-lagriculture-a-carlus","status":"publish","type":"post","link":"https:\/\/www.tarn.educagri.fr\/flamarens\/ovinpiades-concours-de-jugement-danimaux-et-journee-dediee-a-lagriculture-a-carlus\/","title":{"rendered":"Ovinpiades, concours de jugement d\u2019animaux et journ\u00e9e d\u00e9di\u00e9e \u00e0 l\u2019agriculture \u00e0 Carlus"},"content":{"rendered":"\t\t<div data-elementor-type=\"wp-post\" data-elementor-id=\"6376\" class=\"elementor elementor-6376\" data-elementor-post-type=\"post\">\n\t\t\t\t\t\t<section class=\"elementor-section elementor-top-section elementor-element elementor-element-9aa5744 elementor-section-boxed elementor-section-height-default elementor-section-height-default\" data-id=\"9aa5744\" data-element_type=\"section\" data-e-type=\"section\">\n\t\t\t\t\t\t<div class=\"elementor-container elementor-column-gap-default\">\n\t\t\t\t\t<div class=\"elementor-column elementor-col-100 elementor-top-column elementor-element elementor-element-388a593\" data-id=\"388a593\" data-element_type=\"column\" data-e-type=\"column\">\n\t\t\t<div class=\"elementor-widget-wrap elementor-element-populated\">\n\t\t\t\t\t\t<div class=\"elementor-element elementor-element-2c721dc elementor-widget elementor-widget-gallery\" data-id=\"2c721dc\" data-element_type=\"widget\" data-e-type=\"widget\" data-settings=\"{&quot;lazyload&quot;:&quot;yes&quot;,&quot;gallery_layout&quot;:&quot;grid&quot;,&quot;columns&quot;:4,&quot;columns_tablet&quot;:2,&quot;columns_mobile&quot;:1,&quot;gap&quot;:{&quot;unit&quot;:&quot;px&quot;,&quot;size&quot;:10,&quot;sizes&quot;:[]},&quot;gap_tablet&quot;:{&quot;unit&quot;:&quot;px&quot;,&quot;size&quot;:10,&quot;sizes&quot;:[]},&quot;gap_mobile&quot;:{&quot;unit&quot;:&quot;px&quot;,&quot;size&quot;:10,&quot;sizes&quot;:[]},&quot;link_to&quot;:&quot;file&quot;,&quot;aspect_ratio&quot;:&quot;3:2&quot;,&quot;overlay_background&quot;:&quot;yes&quot;,&quot;content_hover_animation&quot;:&quot;fade-in&quot;}\" data-widget_type=\"gallery.default\">\n\t\t\t\t<div class=\"elementor-widget-container\">\n\t\t\t\t\t\t\t<div class=\"elementor-gallery__container\">\n\t\t\t\t\t\t\t<a class=\"e-gallery-item elementor-gallery-item elementor-animated-content\" href=\"https:\/\/www.tarn.educagri.fr\/flamarens\/wp-content\/uploads\/2023\/12\/IMG-20231205-WA0003.jpg\" data-elementor-open-lightbox=\"yes\" data-elementor-lightbox-slideshow=\"2c721dc\" data-elementor-lightbox-title=\"Les \u00e9l\u00e8ves du LPA \u00e0 Carlus\" data-e-action-hash=\"#elementor-action%3Aaction%3Dlightbox%26settings%3DeyJpZCI6NjM3OCwidXJsIjoiaHR0cHM6XC9cL3d3dy50YXJuLmVkdWNhZ3JpLmZyXC9mbGFtYXJlbnNcL3dwLWNvbnRlbnRcL3VwbG9hZHNcLzIwMjNcLzEyXC9JTUctMjAyMzEyMDUtV0EwMDAzLmpwZyIsInNsaWRlc2hvdyI6IjJjNzIxZGMifQ%3D%3D\">\n\t\t\t\t\t<div class=\"e-gallery-image elementor-gallery-item__image\" data-thumbnail=\"https:\/\/www.tarn.educagri.fr\/flamarens\/wp-content\/uploads\/2023\/12\/IMG-20231205-WA0003-300x169.jpg\" data-width=\"300\" data-height=\"169\" aria-label=\"les \u00e9l\u00e8ves du LPA \u00e0 Carlus\" role=\"img\" ><\/div>\n\t\t\t\t\t\t\t\t\t\t\t<div class=\"elementor-gallery-item__overlay\"><\/div>\n\t\t\t\t\t\t\t\t\t\t\t\t\t\t<\/a>\n\t\t\t\t\t\t\t<a class=\"e-gallery-item elementor-gallery-item elementor-animated-content\" href=\"https:\/\/www.tarn.educagri.fr\/flamarens\/wp-content\/uploads\/2023\/12\/IMG-20231205-WA0014.jpg\" data-elementor-open-lightbox=\"yes\" data-elementor-lightbox-slideshow=\"2c721dc\" data-elementor-lightbox-title=\"les apprentis de BTS Acse \u00e0 Carlus1\" data-e-action-hash=\"#elementor-action%3Aaction%3Dlightbox%26settings%3DeyJpZCI6NjM4NiwidXJsIjoiaHR0cHM6XC9cL3d3dy50YXJuLmVkdWNhZ3JpLmZyXC9mbGFtYXJlbnNcL3dwLWNvbnRlbnRcL3VwbG9hZHNcLzIwMjNcLzEyXC9JTUctMjAyMzEyMDUtV0EwMDE0LmpwZyIsInNsaWRlc2hvdyI6IjJjNzIxZGMifQ%3D%3D\">\n\t\t\t\t\t<div class=\"e-gallery-image elementor-gallery-item__image\" data-thumbnail=\"https:\/\/www.tarn.educagri.fr\/flamarens\/wp-content\/uploads\/2023\/12\/IMG-20231205-WA0014-300x225.jpg\" data-width=\"300\" data-height=\"225\" aria-label=\"les apprentis de BTS Acse \u00e0 Carlus1\" role=\"img\" ><\/div>\n\t\t\t\t\t\t\t\t\t\t\t<div class=\"elementor-gallery-item__overlay\"><\/div>\n\t\t\t\t\t\t\t\t\t\t\t\t\t\t<\/a>\n\t\t\t\t\t\t\t<a class=\"e-gallery-item elementor-gallery-item elementor-animated-content\" href=\"https:\/\/www.tarn.educagri.fr\/flamarens\/wp-content\/uploads\/2023\/12\/IMG-20231205-WA0005.jpg\" data-elementor-open-lightbox=\"yes\" data-elementor-lightbox-slideshow=\"2c721dc\" data-elementor-lightbox-title=\"Pointage de brebis\" data-e-action-hash=\"#elementor-action%3Aaction%3Dlightbox%26settings%3DeyJpZCI6NjM3OSwidXJsIjoiaHR0cHM6XC9cL3d3dy50YXJuLmVkdWNhZ3JpLmZyXC9mbGFtYXJlbnNcL3dwLWNvbnRlbnRcL3VwbG9hZHNcLzIwMjNcLzEyXC9JTUctMjAyMzEyMDUtV0EwMDA1LmpwZyIsInNsaWRlc2hvdyI6IjJjNzIxZGMifQ%3D%3D\">\n\t\t\t\t\t<div class=\"e-gallery-image elementor-gallery-item__image\" data-thumbnail=\"https:\/\/www.tarn.educagri.fr\/flamarens\/wp-content\/uploads\/2023\/12\/IMG-20231205-WA0005-169x300.jpg\" data-width=\"169\" data-height=\"300\" aria-label=\"Pointage de brebis\" role=\"img\" ><\/div>\n\t\t\t\t\t\t\t\t\t\t\t<div class=\"elementor-gallery-item__overlay\"><\/div>\n\t\t\t\t\t\t\t\t\t\t\t\t\t\t<\/a>\n\t\t\t\t\t\t\t<a class=\"e-gallery-item elementor-gallery-item elementor-animated-content\" href=\"https:\/\/www.tarn.educagri.fr\/flamarens\/wp-content\/uploads\/2023\/12\/IMG-20231205-WA0006.jpg\" data-elementor-open-lightbox=\"yes\" data-elementor-lightbox-slideshow=\"2c721dc\" data-elementor-lightbox-title=\"Pointage de brebis1\" data-e-action-hash=\"#elementor-action%3Aaction%3Dlightbox%26settings%3DeyJpZCI6NjM4MCwidXJsIjoiaHR0cHM6XC9cL3d3dy50YXJuLmVkdWNhZ3JpLmZyXC9mbGFtYXJlbnNcL3dwLWNvbnRlbnRcL3VwbG9hZHNcLzIwMjNcLzEyXC9JTUctMjAyMzEyMDUtV0EwMDA2LmpwZyIsInNsaWRlc2hvdyI6IjJjNzIxZGMifQ%3D%3D\">\n\t\t\t\t\t<div class=\"e-gallery-image elementor-gallery-item__image\" data-thumbnail=\"https:\/\/www.tarn.educagri.fr\/flamarens\/wp-content\/uploads\/2023\/12\/IMG-20231205-WA0006-300x169.jpg\" data-width=\"300\" data-height=\"169\" aria-label=\"Pointage de brebis1\" role=\"img\" ><\/div>\n\t\t\t\t\t\t\t\t\t\t\t<div class=\"elementor-gallery-item__overlay\"><\/div>\n\t\t\t\t\t\t\t\t\t\t\t\t\t\t<\/a>\n\t\t\t\t\t\t\t<a class=\"e-gallery-item elementor-gallery-item elementor-animated-content\" href=\"https:\/\/www.tarn.educagri.fr\/flamarens\/wp-content\/uploads\/2023\/12\/IMG-20231205-WA0007.jpg\" data-elementor-open-lightbox=\"yes\" data-elementor-lightbox-slideshow=\"2c721dc\" data-elementor-lightbox-title=\"taille des onglons\" data-e-action-hash=\"#elementor-action%3Aaction%3Dlightbox%26settings%3DeyJpZCI6NjM4MSwidXJsIjoiaHR0cHM6XC9cL3d3dy50YXJuLmVkdWNhZ3JpLmZyXC9mbGFtYXJlbnNcL3dwLWNvbnRlbnRcL3VwbG9hZHNcLzIwMjNcLzEyXC9JTUctMjAyMzEyMDUtV0EwMDA3LmpwZyIsInNsaWRlc2hvdyI6IjJjNzIxZGMifQ%3D%3D\">\n\t\t\t\t\t<div class=\"e-gallery-image elementor-gallery-item__image\" data-thumbnail=\"https:\/\/www.tarn.educagri.fr\/flamarens\/wp-content\/uploads\/2023\/12\/IMG-20231205-WA0007-169x300.jpg\" data-width=\"169\" data-height=\"300\" aria-label=\"taille des onglons\" role=\"img\" ><\/div>\n\t\t\t\t\t\t\t\t\t\t\t<div class=\"elementor-gallery-item__overlay\"><\/div>\n\t\t\t\t\t\t\t\t\t\t\t\t\t\t<\/a>\n\t\t\t\t\t\t\t<a class=\"e-gallery-item elementor-gallery-item elementor-animated-content\" href=\"https:\/\/www.tarn.educagri.fr\/flamarens\/wp-content\/uploads\/2023\/12\/IMG-20231205-WA0008.jpg\" data-elementor-open-lightbox=\"yes\" data-elementor-lightbox-slideshow=\"2c721dc\" data-elementor-lightbox-title=\"taille des onglons1\" data-e-action-hash=\"#elementor-action%3Aaction%3Dlightbox%26settings%3DeyJpZCI6NjM4MiwidXJsIjoiaHR0cHM6XC9cL3d3dy50YXJuLmVkdWNhZ3JpLmZyXC9mbGFtYXJlbnNcL3dwLWNvbnRlbnRcL3VwbG9hZHNcLzIwMjNcLzEyXC9JTUctMjAyMzEyMDUtV0EwMDA4LmpwZyIsInNsaWRlc2hvdyI6IjJjNzIxZGMifQ%3D%3D\">\n\t\t\t\t\t<div class=\"e-gallery-image elementor-gallery-item__image\" data-thumbnail=\"https:\/\/www.tarn.educagri.fr\/flamarens\/wp-content\/uploads\/2023\/12\/IMG-20231205-WA0008-169x300.jpg\" data-width=\"169\" data-height=\"300\" aria-label=\"taille des onglons1\" role=\"img\" ><\/div>\n\t\t\t\t\t\t\t\t\t\t\t<div class=\"elementor-gallery-item__overlay\"><\/div>\n\t\t\t\t\t\t\t\t\t\t\t\t\t\t<\/a>\n\t\t\t\t\t\t\t<a class=\"e-gallery-item elementor-gallery-item elementor-animated-content\" href=\"https:\/\/www.tarn.educagri.fr\/flamarens\/wp-content\/uploads\/2023\/12\/IMG-20231205-WA0009.jpg\" data-elementor-open-lightbox=\"yes\" data-elementor-lightbox-slideshow=\"2c721dc\" data-elementor-lightbox-title=\"pointage brebis2\" data-e-action-hash=\"#elementor-action%3Aaction%3Dlightbox%26settings%3DeyJpZCI6NjM4MywidXJsIjoiaHR0cHM6XC9cL3d3dy50YXJuLmVkdWNhZ3JpLmZyXC9mbGFtYXJlbnNcL3dwLWNvbnRlbnRcL3VwbG9hZHNcLzIwMjNcLzEyXC9JTUctMjAyMzEyMDUtV0EwMDA5LmpwZyIsInNsaWRlc2hvdyI6IjJjNzIxZGMifQ%3D%3D\">\n\t\t\t\t\t<div class=\"e-gallery-image elementor-gallery-item__image\" data-thumbnail=\"https:\/\/www.tarn.educagri.fr\/flamarens\/wp-content\/uploads\/2023\/12\/IMG-20231205-WA0009-300x169.jpg\" data-width=\"300\" data-height=\"169\" aria-label=\"pointage brebis2\" role=\"img\" ><\/div>\n\t\t\t\t\t\t\t\t\t\t\t<div class=\"elementor-gallery-item__overlay\"><\/div>\n\t\t\t\t\t\t\t\t\t\t\t\t\t\t<\/a>\n\t\t\t\t\t\t\t<a class=\"e-gallery-item elementor-gallery-item elementor-animated-content\" href=\"https:\/\/www.tarn.educagri.fr\/flamarens\/wp-content\/uploads\/2023\/12\/IMG-20231205-WA0010.jpg\" data-elementor-open-lightbox=\"yes\" data-elementor-lightbox-slideshow=\"2c721dc\" data-elementor-lightbox-title=\"pointage brebis3\" data-e-action-hash=\"#elementor-action%3Aaction%3Dlightbox%26settings%3DeyJpZCI6NjM4NCwidXJsIjoiaHR0cHM6XC9cL3d3dy50YXJuLmVkdWNhZ3JpLmZyXC9mbGFtYXJlbnNcL3dwLWNvbnRlbnRcL3VwbG9hZHNcLzIwMjNcLzEyXC9JTUctMjAyMzEyMDUtV0EwMDEwLmpwZyIsInNsaWRlc2hvdyI6IjJjNzIxZGMifQ%3D%3D\">\n\t\t\t\t\t<div class=\"e-gallery-image elementor-gallery-item__image\" data-thumbnail=\"https:\/\/www.tarn.educagri.fr\/flamarens\/wp-content\/uploads\/2023\/12\/IMG-20231205-WA0010-169x300.jpg\" data-width=\"169\" data-height=\"300\" aria-label=\"pointage brebis3\" role=\"img\" ><\/div>\n\t\t\t\t\t\t\t\t\t\t\t<div class=\"elementor-gallery-item__overlay\"><\/div>\n\t\t\t\t\t\t\t\t\t\t\t\t\t\t<\/a>\n\t\t\t\t\t\t\t<a class=\"e-gallery-item elementor-gallery-item elementor-animated-content\" href=\"https:\/\/www.tarn.educagri.fr\/flamarens\/wp-content\/uploads\/2023\/12\/IMG-20231205-WA0013.jpg\" data-elementor-open-lightbox=\"yes\" data-elementor-lightbox-slideshow=\"2c721dc\" data-elementor-lightbox-title=\"les apprentis de BTS Acse \u00e0 Carlus\" data-e-action-hash=\"#elementor-action%3Aaction%3Dlightbox%26settings%3DeyJpZCI6NjM4NSwidXJsIjoiaHR0cHM6XC9cL3d3dy50YXJuLmVkdWNhZ3JpLmZyXC9mbGFtYXJlbnNcL3dwLWNvbnRlbnRcL3VwbG9hZHNcLzIwMjNcLzEyXC9JTUctMjAyMzEyMDUtV0EwMDEzLmpwZyIsInNsaWRlc2hvdyI6IjJjNzIxZGMifQ%3D%3D\">\n\t\t\t\t\t<div class=\"e-gallery-image elementor-gallery-item__image\" data-thumbnail=\"https:\/\/www.tarn.educagri.fr\/flamarens\/wp-content\/uploads\/2023\/12\/IMG-20231205-WA0013-300x225.jpg\" data-width=\"300\" data-height=\"225\" aria-label=\"les apprentis de BTS Acse \u00e0 Carlus\" role=\"img\" ><\/div>\n\t\t\t\t\t\t\t\t\t\t\t<div class=\"elementor-gallery-item__overlay\"><\/div>\n\t\t\t\t\t\t\t\t\t\t\t\t\t\t<\/a>\n\t\t\t\t\t\t\t<a class=\"e-gallery-item elementor-gallery-item elementor-animated-content\" href=\"https:\/\/www.tarn.educagri.fr\/flamarens\/wp-content\/uploads\/2023\/12\/IMG-20231205-WA0017.jpg\" data-elementor-open-lightbox=\"yes\" data-elementor-lightbox-slideshow=\"2c721dc\" data-elementor-lightbox-title=\"les apprentis de BTS Acse \u00e0 Carlus2\" data-e-action-hash=\"#elementor-action%3Aaction%3Dlightbox%26settings%3DeyJpZCI6NjM4OSwidXJsIjoiaHR0cHM6XC9cL3d3dy50YXJuLmVkdWNhZ3JpLmZyXC9mbGFtYXJlbnNcL3dwLWNvbnRlbnRcL3VwbG9hZHNcLzIwMjNcLzEyXC9JTUctMjAyMzEyMDUtV0EwMDE3LmpwZyIsInNsaWRlc2hvdyI6IjJjNzIxZGMifQ%3D%3D\">\n\t\t\t\t\t<div class=\"e-gallery-image elementor-gallery-item__image\" data-thumbnail=\"https:\/\/www.tarn.educagri.fr\/flamarens\/wp-content\/uploads\/2023\/12\/IMG-20231205-WA0017-300x225.jpg\" data-width=\"300\" data-height=\"225\" aria-label=\"les apprentis de BTS Acse \u00e0 Carlus2\" role=\"img\" ><\/div>\n\t\t\t\t\t\t\t\t\t\t\t<div class=\"elementor-gallery-item__overlay\"><\/div>\n\t\t\t\t\t\t\t\t\t\t\t\t\t\t<\/a>\n\t\t\t\t\t\t\t<a class=\"e-gallery-item elementor-gallery-item elementor-animated-content\" href=\"https:\/\/www.tarn.educagri.fr\/flamarens\/wp-content\/uploads\/2023\/12\/IMG-20231205-WA0018.jpg\" data-elementor-open-lightbox=\"yes\" data-elementor-lightbox-slideshow=\"2c721dc\" data-elementor-lightbox-title=\"les s\u00e9lectionn\u00e9s du CJAJ\" data-e-action-hash=\"#elementor-action%3Aaction%3Dlightbox%26settings%3DeyJpZCI6NjM5MCwidXJsIjoiaHR0cHM6XC9cL3d3dy50YXJuLmVkdWNhZ3JpLmZyXC9mbGFtYXJlbnNcL3dwLWNvbnRlbnRcL3VwbG9hZHNcLzIwMjNcLzEyXC9JTUctMjAyMzEyMDUtV0EwMDE4LmpwZyIsInNsaWRlc2hvdyI6IjJjNzIxZGMifQ%3D%3D\">\n\t\t\t\t\t<div class=\"e-gallery-image elementor-gallery-item__image\" data-thumbnail=\"https:\/\/www.tarn.educagri.fr\/flamarens\/wp-content\/uploads\/2023\/12\/IMG-20231205-WA0018-300x225.jpg\" data-width=\"300\" data-height=\"225\" aria-label=\"les s\u00e9lectionn\u00e9s du CJAJ\" role=\"img\" ><\/div>\n\t\t\t\t\t\t\t\t\t\t\t<div class=\"elementor-gallery-item__overlay\"><\/div>\n\t\t\t\t\t\t\t\t\t\t\t\t\t\t<\/a>\n\t\t\t\t\t\t\t<a class=\"e-gallery-item elementor-gallery-item elementor-animated-content\" href=\"https:\/\/www.tarn.educagri.fr\/flamarens\/wp-content\/uploads\/2023\/12\/IMG-20231205-WA0019.jpg\" data-elementor-open-lightbox=\"yes\" data-elementor-lightbox-slideshow=\"2c721dc\" data-elementor-lightbox-title=\"les s\u00e9lectionn\u00e9s du CJAJ1\" data-e-action-hash=\"#elementor-action%3Aaction%3Dlightbox%26settings%3DeyJpZCI6NjM5MSwidXJsIjoiaHR0cHM6XC9cL3d3dy50YXJuLmVkdWNhZ3JpLmZyXC9mbGFtYXJlbnNcL3dwLWNvbnRlbnRcL3VwbG9hZHNcLzIwMjNcLzEyXC9JTUctMjAyMzEyMDUtV0EwMDE5LmpwZyIsInNsaWRlc2hvdyI6IjJjNzIxZGMifQ%3D%3D\">\n\t\t\t\t\t<div class=\"e-gallery-image elementor-gallery-item__image\" data-thumbnail=\"https:\/\/www.tarn.educagri.fr\/flamarens\/wp-content\/uploads\/2023\/12\/IMG-20231205-WA0019-300x225.jpg\" data-width=\"300\" data-height=\"225\" aria-label=\"les s\u00e9lectionn\u00e9s du CJAJ1\" role=\"img\" ><\/div>\n\t\t\t\t\t\t\t\t\t\t\t<div class=\"elementor-gallery-item__overlay\"><\/div>\n\t\t\t\t\t\t\t\t\t\t\t\t\t\t<\/a>\n\t\t\t\t\t<\/div>\n\t\t\t\t\t<\/div>\n\t\t\t\t<\/div>\n\t\t\t\t<div class=\"elementor-element elementor-element-102d3cf elementor-widget elementor-widget-text-editor\" data-id=\"102d3cf\" data-element_type=\"widget\" data-e-type=\"widget\" data-widget_type=\"text-editor.default\">\n\t\t\t\t<div class=\"elementor-widget-container\">\n\t\t\t\t\t\t\t\t\t<p>Les \u00e9l\u00e8ves de Bac Pro CGEA et de BTS ACSE de Flamarens ont particip\u00e9 \u00e0 la journ\u00e9e de qualificationdu CJAJ (\u00e9preuve de pointage) et des ovinpiades (jeunes bergers) \u00e0 Carlus ce mardi 5 d\u00e9cembre. Les \u00e9l\u00e8ves de 2nde se sont particuli\u00e8rement illustr\u00e9s par leur motivation et ont souffl\u00e9 la victoire \u00e0 leurs a\u00een\u00e9s de bac pro et de BTS dans les concours de Blondes d&rsquo;aquitaine et Gasconnes. F\u00e9licitation \u00e0 eux et rendez vous \u00e0 la prochaine \u00e9tape&#8230;<\/p><p>Retrouvez plus d&rsquo;info sur<a href=\"https:\/\/www.letarnlibre.com\/ovinpiades-concours-de-jugement-danimaux-et-journee-dediee-a-lagriculture-pour-les-scolaires-a-carlus\/\"> le Tarn Libre<\/a> et <a href=\"https:\/\/www.ladepeche.fr\/2023\/12\/07\/des-ovinpiades-pour-creer-des-vocations-deleveur-dans-le-tarn-11625842.php\">La D\u00e9p\u00eache<\/a> <\/p>\t\t\t\t\t\t\t\t<\/div>\n\t\t\t\t<\/div>\n\t\t\t\t\t<\/div>\n\t\t<\/div>\n\t\t\t\t\t<\/div>\n\t\t<\/section>\n\t\t\t\t<\/div>\n\t\t","protected":false},"excerpt":{"rendered":"<p>Les \u00e9l\u00e8ves de Bac Pro CGEA et de BTS ACSE de Flamarens ont particip\u00e9 \u00e0 la journ\u00e9e de qualificationdu CJAJ (\u00e9preuve de pointage) et des&hellip;<\/p>\n","protected":false},"author":6,"featured_media":6383,"comment_status":"closed","ping_status":"closed","sticky":false,"template":"","format":"standard","meta":{"footnotes":""},"categories":[1],"tags":[],"class_list":["post-6376","post","type-post","status-publish","format-standard","has-post-thumbnail","hentry","category-non-classe"],"yoast_head":"<!-- This site is optimized with the Yoast SEO plugin v27.3 - https:\/\/yoast.com\/product\/yoast-seo-wordpress\/ -->\n<title>Ovinpiades, concours de jugement d\u2019animaux et journ\u00e9e d\u00e9di\u00e9e \u00e0 l\u2019agriculture \u00e0 Carlus - Lyc\u00e9e Flamarens Lavaur<\/title>\n<meta name=\"robots\" content=\"index, follow, max-snippet:-1, max-image-preview:large, max-video-preview:-1\" \/>\n<link rel=\"canonical\" href=\"https:\/\/www.tarn.educagri.fr\/flamarens\/ovinpiades-concours-de-jugement-danimaux-et-journee-dediee-a-lagriculture-a-carlus\/\" \/>\n<meta property=\"og:locale\" content=\"fr_FR\" \/>\n<meta property=\"og:type\" content=\"article\" \/>\n<meta property=\"og:title\" content=\"Ovinpiades, concours de jugement d\u2019animaux et journ\u00e9e d\u00e9di\u00e9e \u00e0 l\u2019agriculture \u00e0 Carlus - Lyc\u00e9e Flamarens Lavaur\" \/>\n<meta property=\"og:description\" content=\"Les \u00e9l\u00e8ves de Bac Pro CGEA et de BTS ACSE de Flamarens ont particip\u00e9 \u00e0 la journ\u00e9e de qualificationdu CJAJ (\u00e9preuve de pointage) et des&hellip;\" \/>\n<meta property=\"og:url\" content=\"https:\/\/www.tarn.educagri.fr\/flamarens\/ovinpiades-concours-de-jugement-danimaux-et-journee-dediee-a-lagriculture-a-carlus\/\" \/>\n<meta property=\"og:site_name\" content=\"Lyc\u00e9e Flamarens Lavaur\" \/>\n<meta property=\"article:published_time\" content=\"2023-12-07T08:53:32+00:00\" \/>\n<meta property=\"article:modified_time\" content=\"2023-12-07T08:57:16+00:00\" \/>\n<meta property=\"og:image\" content=\"https:\/\/www.tarn.educagri.fr\/flamarens\/wp-content\/uploads\/2023\/12\/IMG-20231205-WA0009.jpg\" \/>\n\t<meta property=\"og:image:width\" content=\"1599\" \/>\n\t<meta property=\"og:image:height\" content=\"899\" \/>\n\t<meta property=\"og:image:type\" content=\"image\/jpeg\" \/>\n<meta name=\"author\" content=\"Marie SCHMIDT\" \/>\n<meta name=\"twitter:card\" content=\"summary_large_image\" \/>\n<meta name=\"twitter:label1\" content=\"\u00c9crit par\" \/>\n\t<meta name=\"twitter:data1\" content=\"Marie SCHMIDT\" \/>\n<script type=\"application\/ld+json\" class=\"yoast-schema-graph\">{\"@context\":\"https:\\\/\\\/schema.org\",\"@graph\":[{\"@type\":\"Article\",\"@id\":\"https:\\\/\\\/www.tarn.educagri.fr\\\/flamarens\\\/ovinpiades-concours-de-jugement-danimaux-et-journee-dediee-a-lagriculture-a-carlus\\\/#article\",\"isPartOf\":{\"@id\":\"https:\\\/\\\/www.tarn.educagri.fr\\\/flamarens\\\/ovinpiades-concours-de-jugement-danimaux-et-journee-dediee-a-lagriculture-a-carlus\\\/\"},\"author\":{\"name\":\"Marie SCHMIDT\",\"@id\":\"https:\\\/\\\/www.tarn.educagri.fr\\\/flamarens\\\/#\\\/schema\\\/person\\\/5bff1f3a6e7f4bada34a52f3ffd914c2\"},\"headline\":\"Ovinpiades, concours de jugement d\u2019animaux et journ\u00e9e d\u00e9di\u00e9e \u00e0 l\u2019agriculture \u00e0 Carlus\",\"datePublished\":\"2023-12-07T08:53:32+00:00\",\"dateModified\":\"2023-12-07T08:57:16+00:00\",\"mainEntityOfPage\":{\"@id\":\"https:\\\/\\\/www.tarn.educagri.fr\\\/flamarens\\\/ovinpiades-concours-de-jugement-danimaux-et-journee-dediee-a-lagriculture-a-carlus\\\/\"},\"wordCount\":109,\"publisher\":{\"@id\":\"https:\\\/\\\/www.tarn.educagri.fr\\\/flamarens\\\/#organization\"},\"image\":{\"@id\":\"https:\\\/\\\/www.tarn.educagri.fr\\\/flamarens\\\/ovinpiades-concours-de-jugement-danimaux-et-journee-dediee-a-lagriculture-a-carlus\\\/#primaryimage\"},\"thumbnailUrl\":\"https:\\\/\\\/www.tarn.educagri.fr\\\/flamarens\\\/wp-content\\\/uploads\\\/2023\\\/12\\\/IMG-20231205-WA0009.jpg\",\"inLanguage\":\"fr-FR\"},{\"@type\":\"WebPage\",\"@id\":\"https:\\\/\\\/www.tarn.educagri.fr\\\/flamarens\\\/ovinpiades-concours-de-jugement-danimaux-et-journee-dediee-a-lagriculture-a-carlus\\\/\",\"url\":\"https:\\\/\\\/www.tarn.educagri.fr\\\/flamarens\\\/ovinpiades-concours-de-jugement-danimaux-et-journee-dediee-a-lagriculture-a-carlus\\\/\",\"name\":\"Ovinpiades, concours de jugement d\u2019animaux et journ\u00e9e d\u00e9di\u00e9e \u00e0 l\u2019agriculture \u00e0 Carlus - Lyc\u00e9e Flamarens Lavaur\",\"isPartOf\":{\"@id\":\"https:\\\/\\\/www.tarn.educagri.fr\\\/flamarens\\\/#website\"},\"primaryImageOfPage\":{\"@id\":\"https:\\\/\\\/www.tarn.educagri.fr\\\/flamarens\\\/ovinpiades-concours-de-jugement-danimaux-et-journee-dediee-a-lagriculture-a-carlus\\\/#primaryimage\"},\"image\":{\"@id\":\"https:\\\/\\\/www.tarn.educagri.fr\\\/flamarens\\\/ovinpiades-concours-de-jugement-danimaux-et-journee-dediee-a-lagriculture-a-carlus\\\/#primaryimage\"},\"thumbnailUrl\":\"https:\\\/\\\/www.tarn.educagri.fr\\\/flamarens\\\/wp-content\\\/uploads\\\/2023\\\/12\\\/IMG-20231205-WA0009.jpg\",\"datePublished\":\"2023-12-07T08:53:32+00:00\",\"dateModified\":\"2023-12-07T08:57:16+00:00\",\"breadcrumb\":{\"@id\":\"https:\\\/\\\/www.tarn.educagri.fr\\\/flamarens\\\/ovinpiades-concours-de-jugement-danimaux-et-journee-dediee-a-lagriculture-a-carlus\\\/#breadcrumb\"},\"inLanguage\":\"fr-FR\",\"potentialAction\":[{\"@type\":\"ReadAction\",\"target\":[\"https:\\\/\\\/www.tarn.educagri.fr\\\/flamarens\\\/ovinpiades-concours-de-jugement-danimaux-et-journee-dediee-a-lagriculture-a-carlus\\\/\"]}]},{\"@type\":\"ImageObject\",\"inLanguage\":\"fr-FR\",\"@id\":\"https:\\\/\\\/www.tarn.educagri.fr\\\/flamarens\\\/ovinpiades-concours-de-jugement-danimaux-et-journee-dediee-a-lagriculture-a-carlus\\\/#primaryimage\",\"url\":\"https:\\\/\\\/www.tarn.educagri.fr\\\/flamarens\\\/wp-content\\\/uploads\\\/2023\\\/12\\\/IMG-20231205-WA0009.jpg\",\"contentUrl\":\"https:\\\/\\\/www.tarn.educagri.fr\\\/flamarens\\\/wp-content\\\/uploads\\\/2023\\\/12\\\/IMG-20231205-WA0009.jpg\",\"width\":1599,\"height\":899,\"caption\":\"pointage brebis2\"},{\"@type\":\"BreadcrumbList\",\"@id\":\"https:\\\/\\\/www.tarn.educagri.fr\\\/flamarens\\\/ovinpiades-concours-de-jugement-danimaux-et-journee-dediee-a-lagriculture-a-carlus\\\/#breadcrumb\",\"itemListElement\":[{\"@type\":\"ListItem\",\"position\":1,\"name\":\"Accueil\",\"item\":\"https:\\\/\\\/www.tarn.educagri.fr\\\/flamarens\\\/\"},{\"@type\":\"ListItem\",\"position\":2,\"name\":\"Ovinpiades, concours de jugement d\u2019animaux et journ\u00e9e d\u00e9di\u00e9e \u00e0 l\u2019agriculture \u00e0 Carlus\"}]},{\"@type\":\"WebSite\",\"@id\":\"https:\\\/\\\/www.tarn.educagri.fr\\\/flamarens\\\/#website\",\"url\":\"https:\\\/\\\/www.tarn.educagri.fr\\\/flamarens\\\/\",\"name\":\"Lyc\u00e9e Flamarens Lavaur\",\"description\":\"Le campus des possibles\",\"publisher\":{\"@id\":\"https:\\\/\\\/www.tarn.educagri.fr\\\/flamarens\\\/#organization\"},\"potentialAction\":[{\"@type\":\"SearchAction\",\"target\":{\"@type\":\"EntryPoint\",\"urlTemplate\":\"https:\\\/\\\/www.tarn.educagri.fr\\\/flamarens\\\/?s={search_term_string}\"},\"query-input\":{\"@type\":\"PropertyValueSpecification\",\"valueRequired\":true,\"valueName\":\"search_term_string\"}}],\"inLanguage\":\"fr-FR\"},{\"@type\":\"Organization\",\"@id\":\"https:\\\/\\\/www.tarn.educagri.fr\\\/flamarens\\\/#organization\",\"name\":\"Etablissement agro environnemental du Tarn\",\"url\":\"https:\\\/\\\/www.tarn.educagri.fr\\\/flamarens\\\/\",\"logo\":{\"@type\":\"ImageObject\",\"inLanguage\":\"fr-FR\",\"@id\":\"https:\\\/\\\/www.tarn.educagri.fr\\\/flamarens\\\/#\\\/schema\\\/logo\\\/image\\\/\",\"url\":\"https:\\\/\\\/www.tarn.educagri.fr\\\/flamarens\\\/wp-content\\\/uploads\\\/2018\\\/05\\\/logo-EPl.jpg\",\"contentUrl\":\"https:\\\/\\\/www.tarn.educagri.fr\\\/flamarens\\\/wp-content\\\/uploads\\\/2018\\\/05\\\/logo-EPl.jpg\",\"width\":624,\"height\":624,\"caption\":\"Etablissement agro environnemental du Tarn\"},\"image\":{\"@id\":\"https:\\\/\\\/www.tarn.educagri.fr\\\/flamarens\\\/#\\\/schema\\\/logo\\\/image\\\/\"}},{\"@type\":\"Person\",\"@id\":\"https:\\\/\\\/www.tarn.educagri.fr\\\/flamarens\\\/#\\\/schema\\\/person\\\/5bff1f3a6e7f4bada34a52f3ffd914c2\",\"name\":\"Marie SCHMIDT\",\"image\":{\"@type\":\"ImageObject\",\"inLanguage\":\"fr-FR\",\"@id\":\"https:\\\/\\\/secure.gravatar.com\\\/avatar\\\/2bd3fa8b991b0d7b5453824e1ab84c48e205472ce59b60d7a226d0606517f907?s=96&d=mm&r=g\",\"url\":\"https:\\\/\\\/secure.gravatar.com\\\/avatar\\\/2bd3fa8b991b0d7b5453824e1ab84c48e205472ce59b60d7a226d0606517f907?s=96&d=mm&r=g\",\"contentUrl\":\"https:\\\/\\\/secure.gravatar.com\\\/avatar\\\/2bd3fa8b991b0d7b5453824e1ab84c48e205472ce59b60d7a226d0606517f907?s=96&d=mm&r=g\",\"caption\":\"Marie SCHMIDT\"}}]}<\/script>\n<!-- \/ Yoast SEO plugin. -->","yoast_head_json":{"title":"Ovinpiades, concours de jugement d\u2019animaux et journ\u00e9e d\u00e9di\u00e9e \u00e0 l\u2019agriculture \u00e0 Carlus - Lyc\u00e9e Flamarens Lavaur","robots":{"index":"index","follow":"follow","max-snippet":"max-snippet:-1","max-image-preview":"max-image-preview:large","max-video-preview":"max-video-preview:-1"},"canonical":"https:\/\/www.tarn.educagri.fr\/flamarens\/ovinpiades-concours-de-jugement-danimaux-et-journee-dediee-a-lagriculture-a-carlus\/","og_locale":"fr_FR","og_type":"article","og_title":"Ovinpiades, concours de jugement d\u2019animaux et journ\u00e9e d\u00e9di\u00e9e \u00e0 l\u2019agriculture \u00e0 Carlus - Lyc\u00e9e Flamarens Lavaur","og_description":"Les \u00e9l\u00e8ves de Bac Pro CGEA et de BTS ACSE de Flamarens ont particip\u00e9 \u00e0 la journ\u00e9e de qualificationdu CJAJ (\u00e9preuve de pointage) et des&hellip;","og_url":"https:\/\/www.tarn.educagri.fr\/flamarens\/ovinpiades-concours-de-jugement-danimaux-et-journee-dediee-a-lagriculture-a-carlus\/","og_site_name":"Lyc\u00e9e Flamarens Lavaur","article_published_time":"2023-12-07T08:53:32+00:00","article_modified_time":"2023-12-07T08:57:16+00:00","og_image":[{"width":1599,"height":899,"url":"https:\/\/www.tarn.educagri.fr\/flamarens\/wp-content\/uploads\/2023\/12\/IMG-20231205-WA0009.jpg","type":"image\/jpeg"}],"author":"Marie SCHMIDT","twitter_card":"summary_large_image","twitter_misc":{"\u00c9crit par":"Marie SCHMIDT"},"schema":{"@context":"https:\/\/schema.org","@graph":[{"@type":"Article","@id":"https:\/\/www.tarn.educagri.fr\/flamarens\/ovinpiades-concours-de-jugement-danimaux-et-journee-dediee-a-lagriculture-a-carlus\/#article","isPartOf":{"@id":"https:\/\/www.tarn.educagri.fr\/flamarens\/ovinpiades-concours-de-jugement-danimaux-et-journee-dediee-a-lagriculture-a-carlus\/"},"author":{"name":"Marie SCHMIDT","@id":"https:\/\/www.tarn.educagri.fr\/flamarens\/#\/schema\/person\/5bff1f3a6e7f4bada34a52f3ffd914c2"},"headline":"Ovinpiades, concours de jugement d\u2019animaux et journ\u00e9e d\u00e9di\u00e9e \u00e0 l\u2019agriculture \u00e0 Carlus","datePublished":"2023-12-07T08:53:32+00:00","dateModified":"2023-12-07T08:57:16+00:00","mainEntityOfPage":{"@id":"https:\/\/www.tarn.educagri.fr\/flamarens\/ovinpiades-concours-de-jugement-danimaux-et-journee-dediee-a-lagriculture-a-carlus\/"},"wordCount":109,"publisher":{"@id":"https:\/\/www.tarn.educagri.fr\/flamarens\/#organization"},"image":{"@id":"https:\/\/www.tarn.educagri.fr\/flamarens\/ovinpiades-concours-de-jugement-danimaux-et-journee-dediee-a-lagriculture-a-carlus\/#primaryimage"},"thumbnailUrl":"https:\/\/www.tarn.educagri.fr\/flamarens\/wp-content\/uploads\/2023\/12\/IMG-20231205-WA0009.jpg","inLanguage":"fr-FR"},{"@type":"WebPage","@id":"https:\/\/www.tarn.educagri.fr\/flamarens\/ovinpiades-concours-de-jugement-danimaux-et-journee-dediee-a-lagriculture-a-carlus\/","url":"https:\/\/www.tarn.educagri.fr\/flamarens\/ovinpiades-concours-de-jugement-danimaux-et-journee-dediee-a-lagriculture-a-carlus\/","name":"Ovinpiades, concours de jugement d\u2019animaux et journ\u00e9e d\u00e9di\u00e9e \u00e0 l\u2019agriculture \u00e0 Carlus - Lyc\u00e9e Flamarens Lavaur","isPartOf":{"@id":"https:\/\/www.tarn.educagri.fr\/flamarens\/#website"},"primaryImageOfPage":{"@id":"https:\/\/www.tarn.educagri.fr\/flamarens\/ovinpiades-concours-de-jugement-danimaux-et-journee-dediee-a-lagriculture-a-carlus\/#primaryimage"},"image":{"@id":"https:\/\/www.tarn.educagri.fr\/flamarens\/ovinpiades-concours-de-jugement-danimaux-et-journee-dediee-a-lagriculture-a-carlus\/#primaryimage"},"thumbnailUrl":"https:\/\/www.tarn.educagri.fr\/flamarens\/wp-content\/uploads\/2023\/12\/IMG-20231205-WA0009.jpg","datePublished":"2023-12-07T08:53:32+00:00","dateModified":"2023-12-07T08:57:16+00:00","breadcrumb":{"@id":"https:\/\/www.tarn.educagri.fr\/flamarens\/ovinpiades-concours-de-jugement-danimaux-et-journee-dediee-a-lagriculture-a-carlus\/#breadcrumb"},"inLanguage":"fr-FR","potentialAction":[{"@type":"ReadAction","target":["https:\/\/www.tarn.educagri.fr\/flamarens\/ovinpiades-concours-de-jugement-danimaux-et-journee-dediee-a-lagriculture-a-carlus\/"]}]},{"@type":"ImageObject","inLanguage":"fr-FR","@id":"https:\/\/www.tarn.educagri.fr\/flamarens\/ovinpiades-concours-de-jugement-danimaux-et-journee-dediee-a-lagriculture-a-carlus\/#primaryimage","url":"https:\/\/www.tarn.educagri.fr\/flamarens\/wp-content\/uploads\/2023\/12\/IMG-20231205-WA0009.jpg","contentUrl":"https:\/\/www.tarn.educagri.fr\/flamarens\/wp-content\/uploads\/2023\/12\/IMG-20231205-WA0009.jpg","width":1599,"height":899,"caption":"pointage brebis2"},{"@type":"BreadcrumbList","@id":"https:\/\/www.tarn.educagri.fr\/flamarens\/ovinpiades-concours-de-jugement-danimaux-et-journee-dediee-a-lagriculture-a-carlus\/#breadcrumb","itemListElement":[{"@type":"ListItem","position":1,"name":"Accueil","item":"https:\/\/www.tarn.educagri.fr\/flamarens\/"},{"@type":"ListItem","position":2,"name":"Ovinpiades, concours de jugement d\u2019animaux et journ\u00e9e d\u00e9di\u00e9e \u00e0 l\u2019agriculture \u00e0 Carlus"}]},{"@type":"WebSite","@id":"https:\/\/www.tarn.educagri.fr\/flamarens\/#website","url":"https:\/\/www.tarn.educagri.fr\/flamarens\/","name":"Lyc\u00e9e Flamarens Lavaur","description":"Le campus des possibles","publisher":{"@id":"https:\/\/www.tarn.educagri.fr\/flamarens\/#organization"},"potentialAction":[{"@type":"SearchAction","target":{"@type":"EntryPoint","urlTemplate":"https:\/\/www.tarn.educagri.fr\/flamarens\/?s={search_term_string}"},"query-input":{"@type":"PropertyValueSpecification","valueRequired":true,"valueName":"search_term_string"}}],"inLanguage":"fr-FR"},{"@type":"Organization","@id":"https:\/\/www.tarn.educagri.fr\/flamarens\/#organization","name":"Etablissement agro environnemental du Tarn","url":"https:\/\/www.tarn.educagri.fr\/flamarens\/","logo":{"@type":"ImageObject","inLanguage":"fr-FR","@id":"https:\/\/www.tarn.educagri.fr\/flamarens\/#\/schema\/logo\/image\/","url":"https:\/\/www.tarn.educagri.fr\/flamarens\/wp-content\/uploads\/2018\/05\/logo-EPl.jpg","contentUrl":"https:\/\/www.tarn.educagri.fr\/flamarens\/wp-content\/uploads\/2018\/05\/logo-EPl.jpg","width":624,"height":624,"caption":"Etablissement agro environnemental du Tarn"},"image":{"@id":"https:\/\/www.tarn.educagri.fr\/flamarens\/#\/schema\/logo\/image\/"}},{"@type":"Person","@id":"https:\/\/www.tarn.educagri.fr\/flamarens\/#\/schema\/person\/5bff1f3a6e7f4bada34a52f3ffd914c2","name":"Marie SCHMIDT","image":{"@type":"ImageObject","inLanguage":"fr-FR","@id":"https:\/\/secure.gravatar.com\/avatar\/2bd3fa8b991b0d7b5453824e1ab84c48e205472ce59b60d7a226d0606517f907?s=96&d=mm&r=g","url":"https:\/\/secure.gravatar.com\/avatar\/2bd3fa8b991b0d7b5453824e1ab84c48e205472ce59b60d7a226d0606517f907?s=96&d=mm&r=g","contentUrl":"https:\/\/secure.gravatar.com\/avatar\/2bd3fa8b991b0d7b5453824e1ab84c48e205472ce59b60d7a226d0606517f907?s=96&d=mm&r=g","caption":"Marie SCHMIDT"}}]}},"_links":{"self":[{"href":"https:\/\/www.tarn.educagri.fr\/flamarens\/wp-json\/wp\/v2\/posts\/6376","targetHints":{"allow":["GET"]}}],"collection":[{"href":"https:\/\/www.tarn.educagri.fr\/flamarens\/wp-json\/wp\/v2\/posts"}],"about":[{"href":"https:\/\/www.tarn.educagri.fr\/flamarens\/wp-json\/wp\/v2\/types\/post"}],"author":[{"embeddable":true,"href":"https:\/\/www.tarn.educagri.fr\/flamarens\/wp-json\/wp\/v2\/users\/6"}],"replies":[{"embeddable":true,"href":"https:\/\/www.tarn.educagri.fr\/flamarens\/wp-json\/wp\/v2\/comments?post=6376"}],"version-history":[{"count":4,"href":"https:\/\/www.tarn.educagri.fr\/flamarens\/wp-json\/wp\/v2\/posts\/6376\/revisions"}],"predecessor-version":[{"id":6394,"href":"https:\/\/www.tarn.educagri.fr\/flamarens\/wp-json\/wp\/v2\/posts\/6376\/revisions\/6394"}],"wp:featuredmedia":[{"embeddable":true,"href":"https:\/\/www.tarn.educagri.fr\/flamarens\/wp-json\/wp\/v2\/media\/6383"}],"wp:attachment":[{"href":"https:\/\/www.tarn.educagri.fr\/flamarens\/wp-json\/wp\/v2\/media?parent=6376"}],"wp:term":[{"taxonomy":"category","embeddable":true,"href":"https:\/\/www.tarn.educagri.fr\/flamarens\/wp-json\/wp\/v2\/categories?post=6376"},{"taxonomy":"post_tag","embeddable":true,"href":"https:\/\/www.tarn.educagri.fr\/flamarens\/wp-json\/wp\/v2\/tags?post=6376"}],"curies":[{"name":"wp","href":"https:\/\/api.w.org\/{rel}","templated":true}]}}