{"id":6487,"date":"2024-03-13T14:34:19","date_gmt":"2024-03-13T13:34:19","guid":{"rendered":"https:\/\/www.tarn.educagri.fr\/flamarens\/?p=6487"},"modified":"2024-05-13T13:13:31","modified_gmt":"2024-05-13T12:13:31","slug":"elementor-6487","status":"publish","type":"post","link":"https:\/\/www.tarn.educagri.fr\/flamarens\/elementor-6487\/","title":{"rendered":"Des \u00e9l\u00e8ves du LPA s&rsquo;engagent pour les droits de l&rsquo;enfant"},"content":{"rendered":"\t\t<div data-elementor-type=\"wp-post\" data-elementor-id=\"6487\" class=\"elementor elementor-6487\" data-elementor-post-type=\"post\">\n\t\t\t\t\t\t<section class=\"elementor-section elementor-top-section elementor-element elementor-element-d861ca6 elementor-section-boxed elementor-section-height-default elementor-section-height-default\" data-id=\"d861ca6\" data-element_type=\"section\" data-e-type=\"section\">\n\t\t\t\t\t\t<div class=\"elementor-container elementor-column-gap-default\">\n\t\t\t\t\t<div class=\"elementor-column elementor-col-100 elementor-top-column elementor-element elementor-element-520d9f8\" data-id=\"520d9f8\" data-element_type=\"column\" data-e-type=\"column\">\n\t\t\t<div class=\"elementor-widget-wrap\">\n\t\t\t\t\t\t\t<\/div>\n\t\t<\/div>\n\t\t\t\t\t<\/div>\n\t\t<\/section>\n\t\t\t\t<section class=\"elementor-section elementor-top-section elementor-element elementor-element-135ac34 elementor-section-boxed elementor-section-height-default elementor-section-height-default\" data-id=\"135ac34\" data-element_type=\"section\" data-e-type=\"section\">\n\t\t\t\t\t\t<div class=\"elementor-container elementor-column-gap-default\">\n\t\t\t\t\t<div class=\"elementor-column elementor-col-50 elementor-top-column elementor-element elementor-element-131dde9\" data-id=\"131dde9\" data-element_type=\"column\" data-e-type=\"column\" data-settings=\"{&quot;background_background&quot;:&quot;slideshow&quot;,&quot;background_slideshow_gallery&quot;:[],&quot;background_slideshow_loop&quot;:&quot;yes&quot;,&quot;background_slideshow_slide_duration&quot;:5000,&quot;background_slideshow_slide_transition&quot;:&quot;fade&quot;,&quot;background_slideshow_transition_duration&quot;:500}\">\n\t\t\t<div class=\"elementor-widget-wrap elementor-element-populated\">\n\t\t\t\t\t\t<div class=\"elementor-element elementor-element-5ec9265 elementor-widget elementor-widget-image-gallery\" data-id=\"5ec9265\" data-element_type=\"widget\" data-e-type=\"widget\" data-widget_type=\"image-gallery.default\">\n\t\t\t\t<div class=\"elementor-widget-container\">\n\t\t\t\t\t\t\t<div class=\"elementor-image-gallery\">\n\t\t\t<div id='gallery-1' class='gallery galleryid-6487 gallery-columns-3 gallery-size-thumbnail'><figure class='gallery-item'>\n\t\t\t<div class='gallery-icon landscape'>\n\t\t\t\t<a data-elementor-open-lightbox=\"yes\" data-elementor-lightbox-slideshow=\"5ec9265\" data-elementor-lightbox-title=\"formation unicef 2\" data-e-action-hash=\"#elementor-action%3Aaction%3Dlightbox%26settings%3DeyJpZCI6NjQ5MCwidXJsIjoiaHR0cHM6XC9cL3d3dy50YXJuLmVkdWNhZ3JpLmZyXC9mbGFtYXJlbnNcL3dwLWNvbnRlbnRcL3VwbG9hZHNcLzIwMjRcLzAzXC91bmljZWZfamV1bmVzXzEybWFyczI0LTV0LmpwZyIsInNsaWRlc2hvdyI6IjVlYzkyNjUifQ%3D%3D\" href='https:\/\/www.tarn.educagri.fr\/flamarens\/wp-content\/uploads\/2024\/03\/unicef_jeunes_12mars24-5t.jpg'><img decoding=\"async\" width=\"150\" height=\"150\" src=\"https:\/\/www.tarn.educagri.fr\/flamarens\/wp-content\/uploads\/2024\/03\/unicef_jeunes_12mars24-5t-150x150.jpg\" class=\"attachment-thumbnail size-thumbnail\" alt=\"formation unicef 2\" aria-describedby=\"gallery-1-6490\" \/><\/a>\n\t\t\t<\/div>\n\t\t\t\t<figcaption class='wp-caption-text gallery-caption' id='gallery-1-6490'>\n\t\t\t\tFormation des ambassadeurs Unicef \u00e0 la mairie de Lavaur\n\t\t\t\t<\/figcaption><\/figure><figure class='gallery-item'>\n\t\t\t<div class='gallery-icon landscape'>\n\t\t\t\t<a data-elementor-open-lightbox=\"yes\" data-elementor-lightbox-slideshow=\"5ec9265\" data-elementor-lightbox-title=\"unicef_jeunes_12mars24 (2)t\" data-e-action-hash=\"#elementor-action%3Aaction%3Dlightbox%26settings%3DeyJpZCI6NjQ4OSwidXJsIjoiaHR0cHM6XC9cL3d3dy50YXJuLmVkdWNhZ3JpLmZyXC9mbGFtYXJlbnNcL3dwLWNvbnRlbnRcL3VwbG9hZHNcLzIwMjRcLzAzXC91bmljZWZfamV1bmVzXzEybWFyczI0LTJ0LmpwZyIsInNsaWRlc2hvdyI6IjVlYzkyNjUifQ%3D%3D\" href='https:\/\/www.tarn.educagri.fr\/flamarens\/wp-content\/uploads\/2024\/03\/unicef_jeunes_12mars24-2t.jpg'><img decoding=\"async\" width=\"150\" height=\"150\" src=\"https:\/\/www.tarn.educagri.fr\/flamarens\/wp-content\/uploads\/2024\/03\/unicef_jeunes_12mars24-2t-150x150.jpg\" class=\"attachment-thumbnail size-thumbnail\" alt=\"\" aria-describedby=\"gallery-1-6489\" \/><\/a>\n\t\t\t<\/div>\n\t\t\t\t<figcaption class='wp-caption-text gallery-caption' id='gallery-1-6489'>\n\t\t\t\tFormation des ambassadeurs Unicef \u00e0 la mairie de Lavaur\n\t\t\t\t<\/figcaption><\/figure><figure class='gallery-item'>\n\t\t\t<div class='gallery-icon landscape'>\n\t\t\t\t<a data-elementor-open-lightbox=\"yes\" data-elementor-lightbox-slideshow=\"5ec9265\" data-elementor-lightbox-title=\"formation unicef 1\" data-e-action-hash=\"#elementor-action%3Aaction%3Dlightbox%26settings%3DeyJpZCI6NjQ5NSwidXJsIjoiaHR0cHM6XC9cL3d3dy50YXJuLmVkdWNhZ3JpLmZyXC9mbGFtYXJlbnNcL3dwLWNvbnRlbnRcL3VwbG9hZHNcLzIwMjRcLzAzXC91bmljZWZfamV1bmVzXzEybWFyczI0LTIzdC5qcGciLCJzbGlkZXNob3ciOiI1ZWM5MjY1In0%3D\" href='https:\/\/www.tarn.educagri.fr\/flamarens\/wp-content\/uploads\/2024\/03\/unicef_jeunes_12mars24-23t.jpg'><img decoding=\"async\" width=\"150\" height=\"150\" src=\"https:\/\/www.tarn.educagri.fr\/flamarens\/wp-content\/uploads\/2024\/03\/unicef_jeunes_12mars24-23t-150x150.jpg\" class=\"attachment-thumbnail size-thumbnail\" alt=\"formation unicef 1\" aria-describedby=\"gallery-1-6495\" \/><\/a>\n\t\t\t<\/div>\n\t\t\t\t<figcaption class='wp-caption-text gallery-caption' id='gallery-1-6495'>\n\t\t\t\tFormation des ambassadeurs Unicef \u00e0 la mairie de Lavaur\n\t\t\t\t<\/figcaption><\/figure><figure class='gallery-item'>\n\t\t\t<div class='gallery-icon portrait'>\n\t\t\t\t<a data-elementor-open-lightbox=\"yes\" data-elementor-lightbox-slideshow=\"5ec9265\" data-elementor-lightbox-title=\"remise des dipl\u00f4mes\" data-e-action-hash=\"#elementor-action%3Aaction%3Dlightbox%26settings%3DeyJpZCI6NjUyMiwidXJsIjoiaHR0cHM6XC9cL3d3dy50YXJuLmVkdWNhZ3JpLmZyXC9mbGFtYXJlbnNcL3dwLWNvbnRlbnRcL3VwbG9hZHNcLzIwMjRcLzA1XC9QWExfMjAyNDA1MDJfMTQwMDM4ODI2LXNjYWxlZC5qcGciLCJzbGlkZXNob3ciOiI1ZWM5MjY1In0%3D\" href='https:\/\/www.tarn.educagri.fr\/flamarens\/wp-content\/uploads\/2024\/05\/PXL_20240502_140038826-scaled.jpg'><img loading=\"lazy\" decoding=\"async\" width=\"150\" height=\"150\" src=\"https:\/\/www.tarn.educagri.fr\/flamarens\/wp-content\/uploads\/2024\/05\/PXL_20240502_140038826-150x150.jpg\" class=\"attachment-thumbnail size-thumbnail\" alt=\"remise des dipl\u00f4mes\" aria-describedby=\"gallery-1-6522\" \/><\/a>\n\t\t\t<\/div>\n\t\t\t\t<figcaption class='wp-caption-text gallery-caption' id='gallery-1-6522'>\n\t\t\t\tRemise des dipl\u00f4mes d&rsquo;ambassadeurs\n\t\t\t\t<\/figcaption><\/figure><figure class='gallery-item'>\n\t\t\t<div class='gallery-icon portrait'>\n\t\t\t\t<a data-elementor-open-lightbox=\"yes\" data-elementor-lightbox-slideshow=\"5ec9265\" data-elementor-lightbox-title=\"remise des dipl\u00f4mes 1\" data-e-action-hash=\"#elementor-action%3Aaction%3Dlightbox%26settings%3DeyJpZCI6NjUyMSwidXJsIjoiaHR0cHM6XC9cL3d3dy50YXJuLmVkdWNhZ3JpLmZyXC9mbGFtYXJlbnNcL3dwLWNvbnRlbnRcL3VwbG9hZHNcLzIwMjRcLzA1XC9QWExfMjAyNDA1MDJfMTM1OTExOTMwLXNjYWxlZC5qcGciLCJzbGlkZXNob3ciOiI1ZWM5MjY1In0%3D\" href='https:\/\/www.tarn.educagri.fr\/flamarens\/wp-content\/uploads\/2024\/05\/PXL_20240502_135911930-scaled.jpg'><img loading=\"lazy\" decoding=\"async\" width=\"150\" height=\"150\" src=\"https:\/\/www.tarn.educagri.fr\/flamarens\/wp-content\/uploads\/2024\/05\/PXL_20240502_135911930-150x150.jpg\" class=\"attachment-thumbnail size-thumbnail\" alt=\"remise des dipl\u00f4mes 1\" aria-describedby=\"gallery-1-6521\" \/><\/a>\n\t\t\t<\/div>\n\t\t\t\t<figcaption class='wp-caption-text gallery-caption' id='gallery-1-6521'>\n\t\t\t\tRemise des dipl\u00f4mes d&rsquo;ambassadeurs\n\t\t\t\t<\/figcaption><\/figure><figure class='gallery-item'>\n\t\t\t<div class='gallery-icon portrait'>\n\t\t\t\t<a data-elementor-open-lightbox=\"yes\" data-elementor-lightbox-slideshow=\"5ec9265\" data-elementor-lightbox-title=\"remise des dipl\u00f4mes 2\" data-e-action-hash=\"#elementor-action%3Aaction%3Dlightbox%26settings%3DeyJpZCI6NjUxOSwidXJsIjoiaHR0cHM6XC9cL3d3dy50YXJuLmVkdWNhZ3JpLmZyXC9mbGFtYXJlbnNcL3dwLWNvbnRlbnRcL3VwbG9hZHNcLzIwMjRcLzA1XC9QWExfMjAyNDA1MDJfMTM0NjMzNzg3LXNjYWxlZC5qcGciLCJzbGlkZXNob3ciOiI1ZWM5MjY1In0%3D\" href='https:\/\/www.tarn.educagri.fr\/flamarens\/wp-content\/uploads\/2024\/05\/PXL_20240502_134633787-scaled.jpg'><img loading=\"lazy\" decoding=\"async\" width=\"150\" height=\"150\" src=\"https:\/\/www.tarn.educagri.fr\/flamarens\/wp-content\/uploads\/2024\/05\/PXL_20240502_134633787-150x150.jpg\" class=\"attachment-thumbnail size-thumbnail\" alt=\"remise des dipl\u00f4mes 2\" aria-describedby=\"gallery-1-6519\" \/><\/a>\n\t\t\t<\/div>\n\t\t\t\t<figcaption class='wp-caption-text gallery-caption' id='gallery-1-6519'>\n\t\t\t\tRemise des dipl\u00f4mes d&rsquo;ambassadeurs\n\t\t\t\t<\/figcaption><\/figure><figure class='gallery-item'>\n\t\t\t<div class='gallery-icon portrait'>\n\t\t\t\t<a data-elementor-open-lightbox=\"yes\" data-elementor-lightbox-slideshow=\"5ec9265\" data-elementor-lightbox-title=\"exposition Unicef semaine de l&#039;eau\" data-e-action-hash=\"#elementor-action%3Aaction%3Dlightbox%26settings%3DeyJpZCI6NjUxOCwidXJsIjoiaHR0cHM6XC9cL3d3dy50YXJuLmVkdWNhZ3JpLmZyXC9mbGFtYXJlbnNcL3dwLWNvbnRlbnRcL3VwbG9hZHNcLzIwMjRcLzA1XC9QWExfMjAyNDAzMjZfMDkxODM1NDE4LXNjYWxlZC5qcGciLCJzbGlkZXNob3ciOiI1ZWM5MjY1In0%3D\" href='https:\/\/www.tarn.educagri.fr\/flamarens\/wp-content\/uploads\/2024\/05\/PXL_20240326_091835418-scaled.jpg'><img loading=\"lazy\" decoding=\"async\" width=\"150\" height=\"150\" src=\"https:\/\/www.tarn.educagri.fr\/flamarens\/wp-content\/uploads\/2024\/05\/PXL_20240326_091835418-150x150.jpg\" class=\"attachment-thumbnail size-thumbnail\" alt=\"exposition Unicef semaine de l&#039;eau\" aria-describedby=\"gallery-1-6518\" \/><\/a>\n\t\t\t<\/div>\n\t\t\t\t<figcaption class='wp-caption-text gallery-caption' id='gallery-1-6518'>\n\t\t\t\tLes ambassadeurs acteurs de la semaine de l&rsquo;eau\n\t\t\t\t<\/figcaption><\/figure><figure class='gallery-item'>\n\t\t\t<div class='gallery-icon portrait'>\n\t\t\t\t<a data-elementor-open-lightbox=\"yes\" data-elementor-lightbox-slideshow=\"5ec9265\" data-elementor-lightbox-title=\"Ambassadeurs semaine de l&#039;eau\" data-e-action-hash=\"#elementor-action%3Aaction%3Dlightbox%26settings%3DeyJpZCI6NjUxNywidXJsIjoiaHR0cHM6XC9cL3d3dy50YXJuLmVkdWNhZ3JpLmZyXC9mbGFtYXJlbnNcL3dwLWNvbnRlbnRcL3VwbG9hZHNcLzIwMjRcLzA1XC9QWExfMjAyNDAzMjVfMTEyODIzOTYzLXNjYWxlZC5qcGciLCJzbGlkZXNob3ciOiI1ZWM5MjY1In0%3D\" href='https:\/\/www.tarn.educagri.fr\/flamarens\/wp-content\/uploads\/2024\/05\/PXL_20240325_112823963-scaled.jpg'><img loading=\"lazy\" decoding=\"async\" width=\"150\" height=\"150\" src=\"https:\/\/www.tarn.educagri.fr\/flamarens\/wp-content\/uploads\/2024\/05\/PXL_20240325_112823963-150x150.jpg\" class=\"attachment-thumbnail size-thumbnail\" alt=\"Ambassadeurs semaine de l&#039;eau\" aria-describedby=\"gallery-1-6517\" \/><\/a>\n\t\t\t<\/div>\n\t\t\t\t<figcaption class='wp-caption-text gallery-caption' id='gallery-1-6517'>\n\t\t\t\tLes ambassadeurs acteurs de la semaine de l&rsquo;eau\n\t\t\t\t<\/figcaption><\/figure><figure class='gallery-item'>\n\t\t\t<div class='gallery-icon portrait'>\n\t\t\t\t<a data-elementor-open-lightbox=\"yes\" data-elementor-lightbox-slideshow=\"5ec9265\" data-elementor-lightbox-title=\"Ambassadeurs semaine de l&#039;eau 1\" data-e-action-hash=\"#elementor-action%3Aaction%3Dlightbox%26settings%3DeyJpZCI6NjUxNiwidXJsIjoiaHR0cHM6XC9cL3d3dy50YXJuLmVkdWNhZ3JpLmZyXC9mbGFtYXJlbnNcL3dwLWNvbnRlbnRcL3VwbG9hZHNcLzIwMjRcLzA1XC9QWExfMjAyNDAzMjVfMTEwNTM5NDg2Lk1QXy1zY2FsZWQuanBnIiwic2xpZGVzaG93IjoiNWVjOTI2NSJ9\" href='https:\/\/www.tarn.educagri.fr\/flamarens\/wp-content\/uploads\/2024\/05\/PXL_20240325_110539486.MP_-scaled.jpg'><img loading=\"lazy\" decoding=\"async\" width=\"150\" height=\"150\" src=\"https:\/\/www.tarn.educagri.fr\/flamarens\/wp-content\/uploads\/2024\/05\/PXL_20240325_110539486.MP_-150x150.jpg\" class=\"attachment-thumbnail size-thumbnail\" alt=\"\" aria-describedby=\"gallery-1-6516\" \/><\/a>\n\t\t\t<\/div>\n\t\t\t\t<figcaption class='wp-caption-text gallery-caption' id='gallery-1-6516'>\n\t\t\t\tLes ambassadeurs acteurs de la semaine de l&rsquo;eau\n\t\t\t\t<\/figcaption><\/figure><figure class='gallery-item'>\n\t\t\t<div class='gallery-icon portrait'>\n\t\t\t\t<a data-elementor-open-lightbox=\"yes\" data-elementor-lightbox-slideshow=\"5ec9265\" data-elementor-lightbox-title=\"Ambassadeurs semaine de l&#039;eau 2\" data-e-action-hash=\"#elementor-action%3Aaction%3Dlightbox%26settings%3DeyJpZCI6NjUxNCwidXJsIjoiaHR0cHM6XC9cL3d3dy50YXJuLmVkdWNhZ3JpLmZyXC9mbGFtYXJlbnNcL3dwLWNvbnRlbnRcL3VwbG9hZHNcLzIwMjRcLzA1XC9QWExfMjAyNDAzMjVfMTA0NDMyODQ1Lk1QXy1zY2FsZWQuanBnIiwic2xpZGVzaG93IjoiNWVjOTI2NSJ9\" href='https:\/\/www.tarn.educagri.fr\/flamarens\/wp-content\/uploads\/2024\/05\/PXL_20240325_104432845.MP_-scaled.jpg'><img loading=\"lazy\" decoding=\"async\" width=\"150\" height=\"150\" src=\"https:\/\/www.tarn.educagri.fr\/flamarens\/wp-content\/uploads\/2024\/05\/PXL_20240325_104432845.MP_-150x150.jpg\" class=\"attachment-thumbnail size-thumbnail\" alt=\"\" aria-describedby=\"gallery-1-6514\" \/><\/a>\n\t\t\t<\/div>\n\t\t\t\t<figcaption class='wp-caption-text gallery-caption' id='gallery-1-6514'>\n\t\t\t\tLes ambassadeurs acteurs de la semaine de l&rsquo;eau\n\t\t\t\t<\/figcaption><\/figure>\n\t\t<\/div>\n\t\t<\/div>\n\t\t\t\t\t\t<\/div>\n\t\t\t\t<\/div>\n\t\t\t\t\t<\/div>\n\t\t<\/div>\n\t\t\t\t<div class=\"elementor-column elementor-col-50 elementor-top-column elementor-element elementor-element-3c2585a\" data-id=\"3c2585a\" data-element_type=\"column\" data-e-type=\"column\">\n\t\t\t<div class=\"elementor-widget-wrap elementor-element-populated\">\n\t\t\t\t\t\t<div class=\"elementor-element elementor-element-51c5dff elementor-widget elementor-widget-text-editor\" data-id=\"51c5dff\" data-element_type=\"widget\" data-e-type=\"widget\" data-widget_type=\"text-editor.default\">\n\t\t\t\t<div class=\"elementor-widget-container\">\n\t\t\t\t\t\t\t\t\t<p>En partenariat avec la Ville de Lavaur et l&rsquo;Unicef, des \u00e9l\u00e8ves de Flamarens se sont engag\u00e9s en tant qu&rsquo;ambassadeurs des droits de l&rsquo;enfant dans le projet <span id=\"page3R_mcid1\" class=\"markedContent\"><span dir=\"ltr\" role=\"presentation\">\u00ab<\/span> <span dir=\"ltr\" role=\"presentation\">Convention Internationale Des Droits De L\u2019Enfant<\/span> <span dir=\"ltr\" role=\"presentation\">\u00bb<\/span> <span dir=\"ltr\" role=\"presentation\">(CIDE)<\/span><\/span><span id=\"page3R_mcid2\" class=\"markedContent\">.<br role=\"presentation\" \/><\/span><\/p><p>Apr\u00e8s une formation avec l&rsquo;Unicef, ils ont choisi des sujets en lien avec les droits d&rsquo;acc\u00e8s \u00e0 l&rsquo;eau et ont pr\u00e9sent\u00e9 leurs travaux lors de la Semaine de l&rsquo;eau au LPA. Ce fut aussi l&rsquo;occasion pour eux de rencontrer et d&rsquo;\u00e9changer avec d&rsquo;autres \u00e9l\u00e8ves du bassin, engag\u00e9s \u00e9galement en tant qu&rsquo;ambassadeurs.<\/p><p>Les \u00e9l\u00e8ves et l&rsquo;\u00e9quipe p\u00e9dagogique ont \u00e9galement particip\u00e9 \u00e0 la signature de la convention entre l&rsquo;UNICEF, la Ville de Lavaur et les \u00e9tablissements jeudi 14 mars \u00e0 la mairie de Lavaur.<\/p><p>C&rsquo;est \u00e0 l&rsquo;occasion d&rsquo;un go\u00fbter au self que s&rsquo;est termin\u00e9e l&rsquo;aventure des jeunes avec la remise des dipl\u00f4mes d&rsquo;Ambassadeurs de l&rsquo;Unicef. Les \u00e9l\u00e8ves de 4e ont \u00e9t\u00e9 invit\u00e9 \u00e0 ce moment afin de participer, pour ceux qui le souhaitent, l&rsquo;ann\u00e9e prochaine sur une autre th\u00e9matique \u00e0 d\u00e9finir avec la ville de Lavaur et l&rsquo;Unicef.<\/p>\t\t\t\t\t\t\t\t<\/div>\n\t\t\t\t<\/div>\n\t\t\t\t<div class=\"elementor-element elementor-element-b9e7311 elementor-widget elementor-widget-video\" data-id=\"b9e7311\" data-element_type=\"widget\" data-e-type=\"widget\" data-settings=\"{&quot;video_type&quot;:&quot;hosted&quot;,&quot;autoplay&quot;:&quot;yes&quot;,&quot;mute&quot;:&quot;yes&quot;,&quot;controls&quot;:&quot;yes&quot;}\" data-widget_type=\"video.default\">\n\t\t\t\t<div class=\"elementor-widget-container\">\n\t\t\t\t\t\t\t<div class=\"e-hosted-video elementor-wrapper elementor-open-inline\">\n\t\t\t\t\t<video class=\"elementor-video\" src=\"https:\/\/www.tarn.educagri.fr\/flamarens\/wp-content\/uploads\/2024\/03\/PXL_20240502_134908189.TS_.mp4\" autoplay=\"\" controls=\"\" muted=\"muted\" controlsList=\"nodownload\"><\/video>\n\t\t\t\t<\/div>\n\t\t\t\t\t\t<\/div>\n\t\t\t\t<\/div>\n\t\t\t\t\t<\/div>\n\t\t<\/div>\n\t\t\t\t\t<\/div>\n\t\t<\/section>\n\t\t\t\t<\/div>\n\t\t","protected":false},"excerpt":{"rendered":"<p>Formation des ambassadeurs Unicef \u00e0 la mairie de Lavaur Formation des ambassadeurs Unicef \u00e0 la mairie de Lavaur Formation des ambassadeurs Unicef \u00e0 la mairie&hellip;<\/p>\n","protected":false},"author":6,"featured_media":6490,"comment_status":"closed","ping_status":"closed","sticky":false,"template":"","format":"standard","meta":{"footnotes":""},"categories":[1],"tags":[],"class_list":["post-6487","post","type-post","status-publish","format-standard","has-post-thumbnail","hentry","category-non-classe"],"yoast_head":"<!-- This site is optimized with the Yoast SEO plugin v27.3 - https:\/\/yoast.com\/product\/yoast-seo-wordpress\/ -->\n<title>Des \u00e9l\u00e8ves du LPA s&#039;engagent pour les droits de l&#039;enfant - Lyc\u00e9e Flamarens Lavaur<\/title>\n<meta name=\"robots\" content=\"index, follow, max-snippet:-1, max-image-preview:large, max-video-preview:-1\" \/>\n<link rel=\"canonical\" href=\"https:\/\/www.tarn.educagri.fr\/flamarens\/elementor-6487\/\" \/>\n<meta property=\"og:locale\" content=\"fr_FR\" \/>\n<meta property=\"og:type\" content=\"article\" \/>\n<meta property=\"og:title\" content=\"Des \u00e9l\u00e8ves du LPA s&#039;engagent pour les droits de l&#039;enfant - Lyc\u00e9e Flamarens Lavaur\" \/>\n<meta property=\"og:description\" content=\"Formation des ambassadeurs Unicef \u00e0 la mairie de Lavaur Formation des ambassadeurs Unicef \u00e0 la mairie de Lavaur Formation des ambassadeurs Unicef \u00e0 la mairie&hellip;\" \/>\n<meta property=\"og:url\" content=\"https:\/\/www.tarn.educagri.fr\/flamarens\/elementor-6487\/\" \/>\n<meta property=\"og:site_name\" content=\"Lyc\u00e9e Flamarens Lavaur\" \/>\n<meta property=\"article:published_time\" content=\"2024-03-13T13:34:19+00:00\" \/>\n<meta property=\"article:modified_time\" content=\"2024-05-13T12:13:31+00:00\" \/>\n<meta property=\"og:image\" content=\"https:\/\/www.tarn.educagri.fr\/flamarens\/wp-content\/uploads\/2024\/03\/unicef_jeunes_12mars24-5t.jpg\" \/>\n\t<meta property=\"og:image:width\" content=\"1772\" \/>\n\t<meta property=\"og:image:height\" content=\"1181\" \/>\n\t<meta property=\"og:image:type\" content=\"image\/jpeg\" \/>\n<meta name=\"author\" content=\"Marie SCHMIDT\" \/>\n<meta name=\"twitter:card\" content=\"summary_large_image\" \/>\n<meta name=\"twitter:label1\" content=\"\u00c9crit par\" \/>\n\t<meta name=\"twitter:data1\" content=\"Marie SCHMIDT\" \/>\n\t<meta name=\"twitter:label2\" content=\"Dur\u00e9e de lecture estim\u00e9e\" \/>\n\t<meta name=\"twitter:data2\" content=\"4 minutes\" \/>\n<script type=\"application\/ld+json\" class=\"yoast-schema-graph\">{\"@context\":\"https:\\\/\\\/schema.org\",\"@graph\":[{\"@type\":\"Article\",\"@id\":\"https:\\\/\\\/www.tarn.educagri.fr\\\/flamarens\\\/elementor-6487\\\/#article\",\"isPartOf\":{\"@id\":\"https:\\\/\\\/www.tarn.educagri.fr\\\/flamarens\\\/elementor-6487\\\/\"},\"author\":{\"name\":\"Marie SCHMIDT\",\"@id\":\"https:\\\/\\\/www.tarn.educagri.fr\\\/flamarens\\\/#\\\/schema\\\/person\\\/5bff1f3a6e7f4bada34a52f3ffd914c2\"},\"headline\":\"Des \u00e9l\u00e8ves du LPA s&rsquo;engagent pour les droits de l&rsquo;enfant\",\"datePublished\":\"2024-03-13T13:34:19+00:00\",\"dateModified\":\"2024-05-13T12:13:31+00:00\",\"mainEntityOfPage\":{\"@id\":\"https:\\\/\\\/www.tarn.educagri.fr\\\/flamarens\\\/elementor-6487\\\/\"},\"wordCount\":310,\"publisher\":{\"@id\":\"https:\\\/\\\/www.tarn.educagri.fr\\\/flamarens\\\/#organization\"},\"image\":{\"@id\":\"https:\\\/\\\/www.tarn.educagri.fr\\\/flamarens\\\/elementor-6487\\\/#primaryimage\"},\"thumbnailUrl\":\"https:\\\/\\\/www.tarn.educagri.fr\\\/flamarens\\\/wp-content\\\/uploads\\\/2024\\\/03\\\/unicef_jeunes_12mars24-5t.jpg\",\"inLanguage\":\"fr-FR\"},{\"@type\":\"WebPage\",\"@id\":\"https:\\\/\\\/www.tarn.educagri.fr\\\/flamarens\\\/elementor-6487\\\/\",\"url\":\"https:\\\/\\\/www.tarn.educagri.fr\\\/flamarens\\\/elementor-6487\\\/\",\"name\":\"Des \u00e9l\u00e8ves du LPA s'engagent pour les droits de l'enfant - Lyc\u00e9e Flamarens Lavaur\",\"isPartOf\":{\"@id\":\"https:\\\/\\\/www.tarn.educagri.fr\\\/flamarens\\\/#website\"},\"primaryImageOfPage\":{\"@id\":\"https:\\\/\\\/www.tarn.educagri.fr\\\/flamarens\\\/elementor-6487\\\/#primaryimage\"},\"image\":{\"@id\":\"https:\\\/\\\/www.tarn.educagri.fr\\\/flamarens\\\/elementor-6487\\\/#primaryimage\"},\"thumbnailUrl\":\"https:\\\/\\\/www.tarn.educagri.fr\\\/flamarens\\\/wp-content\\\/uploads\\\/2024\\\/03\\\/unicef_jeunes_12mars24-5t.jpg\",\"datePublished\":\"2024-03-13T13:34:19+00:00\",\"dateModified\":\"2024-05-13T12:13:31+00:00\",\"breadcrumb\":{\"@id\":\"https:\\\/\\\/www.tarn.educagri.fr\\\/flamarens\\\/elementor-6487\\\/#breadcrumb\"},\"inLanguage\":\"fr-FR\",\"potentialAction\":[{\"@type\":\"ReadAction\",\"target\":[\"https:\\\/\\\/www.tarn.educagri.fr\\\/flamarens\\\/elementor-6487\\\/\"]}]},{\"@type\":\"ImageObject\",\"inLanguage\":\"fr-FR\",\"@id\":\"https:\\\/\\\/www.tarn.educagri.fr\\\/flamarens\\\/elementor-6487\\\/#primaryimage\",\"url\":\"https:\\\/\\\/www.tarn.educagri.fr\\\/flamarens\\\/wp-content\\\/uploads\\\/2024\\\/03\\\/unicef_jeunes_12mars24-5t.jpg\",\"contentUrl\":\"https:\\\/\\\/www.tarn.educagri.fr\\\/flamarens\\\/wp-content\\\/uploads\\\/2024\\\/03\\\/unicef_jeunes_12mars24-5t.jpg\",\"width\":1772,\"height\":1181,\"caption\":\"Formation des ambassadeurs Unicef \u00e0 la mairie de Lavaur\"},{\"@type\":\"BreadcrumbList\",\"@id\":\"https:\\\/\\\/www.tarn.educagri.fr\\\/flamarens\\\/elementor-6487\\\/#breadcrumb\",\"itemListElement\":[{\"@type\":\"ListItem\",\"position\":1,\"name\":\"Accueil\",\"item\":\"https:\\\/\\\/www.tarn.educagri.fr\\\/flamarens\\\/\"},{\"@type\":\"ListItem\",\"position\":2,\"name\":\"Des \u00e9l\u00e8ves du LPA s&rsquo;engagent pour les droits de l&rsquo;enfant\"}]},{\"@type\":\"WebSite\",\"@id\":\"https:\\\/\\\/www.tarn.educagri.fr\\\/flamarens\\\/#website\",\"url\":\"https:\\\/\\\/www.tarn.educagri.fr\\\/flamarens\\\/\",\"name\":\"Lyc\u00e9e Flamarens Lavaur\",\"description\":\"Le campus des possibles\",\"publisher\":{\"@id\":\"https:\\\/\\\/www.tarn.educagri.fr\\\/flamarens\\\/#organization\"},\"potentialAction\":[{\"@type\":\"SearchAction\",\"target\":{\"@type\":\"EntryPoint\",\"urlTemplate\":\"https:\\\/\\\/www.tarn.educagri.fr\\\/flamarens\\\/?s={search_term_string}\"},\"query-input\":{\"@type\":\"PropertyValueSpecification\",\"valueRequired\":true,\"valueName\":\"search_term_string\"}}],\"inLanguage\":\"fr-FR\"},{\"@type\":\"Organization\",\"@id\":\"https:\\\/\\\/www.tarn.educagri.fr\\\/flamarens\\\/#organization\",\"name\":\"Etablissement agro environnemental du Tarn\",\"url\":\"https:\\\/\\\/www.tarn.educagri.fr\\\/flamarens\\\/\",\"logo\":{\"@type\":\"ImageObject\",\"inLanguage\":\"fr-FR\",\"@id\":\"https:\\\/\\\/www.tarn.educagri.fr\\\/flamarens\\\/#\\\/schema\\\/logo\\\/image\\\/\",\"url\":\"https:\\\/\\\/www.tarn.educagri.fr\\\/flamarens\\\/wp-content\\\/uploads\\\/2018\\\/05\\\/logo-EPl.jpg\",\"contentUrl\":\"https:\\\/\\\/www.tarn.educagri.fr\\\/flamarens\\\/wp-content\\\/uploads\\\/2018\\\/05\\\/logo-EPl.jpg\",\"width\":624,\"height\":624,\"caption\":\"Etablissement agro environnemental du Tarn\"},\"image\":{\"@id\":\"https:\\\/\\\/www.tarn.educagri.fr\\\/flamarens\\\/#\\\/schema\\\/logo\\\/image\\\/\"}},{\"@type\":\"Person\",\"@id\":\"https:\\\/\\\/www.tarn.educagri.fr\\\/flamarens\\\/#\\\/schema\\\/person\\\/5bff1f3a6e7f4bada34a52f3ffd914c2\",\"name\":\"Marie SCHMIDT\",\"image\":{\"@type\":\"ImageObject\",\"inLanguage\":\"fr-FR\",\"@id\":\"https:\\\/\\\/secure.gravatar.com\\\/avatar\\\/2bd3fa8b991b0d7b5453824e1ab84c48e205472ce59b60d7a226d0606517f907?s=96&d=mm&r=g\",\"url\":\"https:\\\/\\\/secure.gravatar.com\\\/avatar\\\/2bd3fa8b991b0d7b5453824e1ab84c48e205472ce59b60d7a226d0606517f907?s=96&d=mm&r=g\",\"contentUrl\":\"https:\\\/\\\/secure.gravatar.com\\\/avatar\\\/2bd3fa8b991b0d7b5453824e1ab84c48e205472ce59b60d7a226d0606517f907?s=96&d=mm&r=g\",\"caption\":\"Marie SCHMIDT\"}}]}<\/script>\n<!-- \/ Yoast SEO plugin. -->","yoast_head_json":{"title":"Des \u00e9l\u00e8ves du LPA s'engagent pour les droits de l'enfant - Lyc\u00e9e Flamarens Lavaur","robots":{"index":"index","follow":"follow","max-snippet":"max-snippet:-1","max-image-preview":"max-image-preview:large","max-video-preview":"max-video-preview:-1"},"canonical":"https:\/\/www.tarn.educagri.fr\/flamarens\/elementor-6487\/","og_locale":"fr_FR","og_type":"article","og_title":"Des \u00e9l\u00e8ves du LPA s'engagent pour les droits de l'enfant - Lyc\u00e9e Flamarens Lavaur","og_description":"Formation des ambassadeurs Unicef \u00e0 la mairie de Lavaur Formation des ambassadeurs Unicef \u00e0 la mairie de Lavaur Formation des ambassadeurs Unicef \u00e0 la mairie&hellip;","og_url":"https:\/\/www.tarn.educagri.fr\/flamarens\/elementor-6487\/","og_site_name":"Lyc\u00e9e Flamarens Lavaur","article_published_time":"2024-03-13T13:34:19+00:00","article_modified_time":"2024-05-13T12:13:31+00:00","og_image":[{"width":1772,"height":1181,"url":"https:\/\/www.tarn.educagri.fr\/flamarens\/wp-content\/uploads\/2024\/03\/unicef_jeunes_12mars24-5t.jpg","type":"image\/jpeg"}],"author":"Marie SCHMIDT","twitter_card":"summary_large_image","twitter_misc":{"\u00c9crit par":"Marie SCHMIDT","Dur\u00e9e de lecture estim\u00e9e":"4 minutes"},"schema":{"@context":"https:\/\/schema.org","@graph":[{"@type":"Article","@id":"https:\/\/www.tarn.educagri.fr\/flamarens\/elementor-6487\/#article","isPartOf":{"@id":"https:\/\/www.tarn.educagri.fr\/flamarens\/elementor-6487\/"},"author":{"name":"Marie SCHMIDT","@id":"https:\/\/www.tarn.educagri.fr\/flamarens\/#\/schema\/person\/5bff1f3a6e7f4bada34a52f3ffd914c2"},"headline":"Des \u00e9l\u00e8ves du LPA s&rsquo;engagent pour les droits de l&rsquo;enfant","datePublished":"2024-03-13T13:34:19+00:00","dateModified":"2024-05-13T12:13:31+00:00","mainEntityOfPage":{"@id":"https:\/\/www.tarn.educagri.fr\/flamarens\/elementor-6487\/"},"wordCount":310,"publisher":{"@id":"https:\/\/www.tarn.educagri.fr\/flamarens\/#organization"},"image":{"@id":"https:\/\/www.tarn.educagri.fr\/flamarens\/elementor-6487\/#primaryimage"},"thumbnailUrl":"https:\/\/www.tarn.educagri.fr\/flamarens\/wp-content\/uploads\/2024\/03\/unicef_jeunes_12mars24-5t.jpg","inLanguage":"fr-FR"},{"@type":"WebPage","@id":"https:\/\/www.tarn.educagri.fr\/flamarens\/elementor-6487\/","url":"https:\/\/www.tarn.educagri.fr\/flamarens\/elementor-6487\/","name":"Des \u00e9l\u00e8ves du LPA s'engagent pour les droits de l'enfant - Lyc\u00e9e Flamarens Lavaur","isPartOf":{"@id":"https:\/\/www.tarn.educagri.fr\/flamarens\/#website"},"primaryImageOfPage":{"@id":"https:\/\/www.tarn.educagri.fr\/flamarens\/elementor-6487\/#primaryimage"},"image":{"@id":"https:\/\/www.tarn.educagri.fr\/flamarens\/elementor-6487\/#primaryimage"},"thumbnailUrl":"https:\/\/www.tarn.educagri.fr\/flamarens\/wp-content\/uploads\/2024\/03\/unicef_jeunes_12mars24-5t.jpg","datePublished":"2024-03-13T13:34:19+00:00","dateModified":"2024-05-13T12:13:31+00:00","breadcrumb":{"@id":"https:\/\/www.tarn.educagri.fr\/flamarens\/elementor-6487\/#breadcrumb"},"inLanguage":"fr-FR","potentialAction":[{"@type":"ReadAction","target":["https:\/\/www.tarn.educagri.fr\/flamarens\/elementor-6487\/"]}]},{"@type":"ImageObject","inLanguage":"fr-FR","@id":"https:\/\/www.tarn.educagri.fr\/flamarens\/elementor-6487\/#primaryimage","url":"https:\/\/www.tarn.educagri.fr\/flamarens\/wp-content\/uploads\/2024\/03\/unicef_jeunes_12mars24-5t.jpg","contentUrl":"https:\/\/www.tarn.educagri.fr\/flamarens\/wp-content\/uploads\/2024\/03\/unicef_jeunes_12mars24-5t.jpg","width":1772,"height":1181,"caption":"Formation des ambassadeurs Unicef \u00e0 la mairie de Lavaur"},{"@type":"BreadcrumbList","@id":"https:\/\/www.tarn.educagri.fr\/flamarens\/elementor-6487\/#breadcrumb","itemListElement":[{"@type":"ListItem","position":1,"name":"Accueil","item":"https:\/\/www.tarn.educagri.fr\/flamarens\/"},{"@type":"ListItem","position":2,"name":"Des \u00e9l\u00e8ves du LPA s&rsquo;engagent pour les droits de l&rsquo;enfant"}]},{"@type":"WebSite","@id":"https:\/\/www.tarn.educagri.fr\/flamarens\/#website","url":"https:\/\/www.tarn.educagri.fr\/flamarens\/","name":"Lyc\u00e9e Flamarens Lavaur","description":"Le campus des possibles","publisher":{"@id":"https:\/\/www.tarn.educagri.fr\/flamarens\/#organization"},"potentialAction":[{"@type":"SearchAction","target":{"@type":"EntryPoint","urlTemplate":"https:\/\/www.tarn.educagri.fr\/flamarens\/?s={search_term_string}"},"query-input":{"@type":"PropertyValueSpecification","valueRequired":true,"valueName":"search_term_string"}}],"inLanguage":"fr-FR"},{"@type":"Organization","@id":"https:\/\/www.tarn.educagri.fr\/flamarens\/#organization","name":"Etablissement agro environnemental du Tarn","url":"https:\/\/www.tarn.educagri.fr\/flamarens\/","logo":{"@type":"ImageObject","inLanguage":"fr-FR","@id":"https:\/\/www.tarn.educagri.fr\/flamarens\/#\/schema\/logo\/image\/","url":"https:\/\/www.tarn.educagri.fr\/flamarens\/wp-content\/uploads\/2018\/05\/logo-EPl.jpg","contentUrl":"https:\/\/www.tarn.educagri.fr\/flamarens\/wp-content\/uploads\/2018\/05\/logo-EPl.jpg","width":624,"height":624,"caption":"Etablissement agro environnemental du Tarn"},"image":{"@id":"https:\/\/www.tarn.educagri.fr\/flamarens\/#\/schema\/logo\/image\/"}},{"@type":"Person","@id":"https:\/\/www.tarn.educagri.fr\/flamarens\/#\/schema\/person\/5bff1f3a6e7f4bada34a52f3ffd914c2","name":"Marie SCHMIDT","image":{"@type":"ImageObject","inLanguage":"fr-FR","@id":"https:\/\/secure.gravatar.com\/avatar\/2bd3fa8b991b0d7b5453824e1ab84c48e205472ce59b60d7a226d0606517f907?s=96&d=mm&r=g","url":"https:\/\/secure.gravatar.com\/avatar\/2bd3fa8b991b0d7b5453824e1ab84c48e205472ce59b60d7a226d0606517f907?s=96&d=mm&r=g","contentUrl":"https:\/\/secure.gravatar.com\/avatar\/2bd3fa8b991b0d7b5453824e1ab84c48e205472ce59b60d7a226d0606517f907?s=96&d=mm&r=g","caption":"Marie SCHMIDT"}}]}},"_links":{"self":[{"href":"https:\/\/www.tarn.educagri.fr\/flamarens\/wp-json\/wp\/v2\/posts\/6487","targetHints":{"allow":["GET"]}}],"collection":[{"href":"https:\/\/www.tarn.educagri.fr\/flamarens\/wp-json\/wp\/v2\/posts"}],"about":[{"href":"https:\/\/www.tarn.educagri.fr\/flamarens\/wp-json\/wp\/v2\/types\/post"}],"author":[{"embeddable":true,"href":"https:\/\/www.tarn.educagri.fr\/flamarens\/wp-json\/wp\/v2\/users\/6"}],"replies":[{"embeddable":true,"href":"https:\/\/www.tarn.educagri.fr\/flamarens\/wp-json\/wp\/v2\/comments?post=6487"}],"version-history":[{"count":14,"href":"https:\/\/www.tarn.educagri.fr\/flamarens\/wp-json\/wp\/v2\/posts\/6487\/revisions"}],"predecessor-version":[{"id":6530,"href":"https:\/\/www.tarn.educagri.fr\/flamarens\/wp-json\/wp\/v2\/posts\/6487\/revisions\/6530"}],"wp:featuredmedia":[{"embeddable":true,"href":"https:\/\/www.tarn.educagri.fr\/flamarens\/wp-json\/wp\/v2\/media\/6490"}],"wp:attachment":[{"href":"https:\/\/www.tarn.educagri.fr\/flamarens\/wp-json\/wp\/v2\/media?parent=6487"}],"wp:term":[{"taxonomy":"category","embeddable":true,"href":"https:\/\/www.tarn.educagri.fr\/flamarens\/wp-json\/wp\/v2\/categories?post=6487"},{"taxonomy":"post_tag","embeddable":true,"href":"https:\/\/www.tarn.educagri.fr\/flamarens\/wp-json\/wp\/v2\/tags?post=6487"}],"curies":[{"name":"wp","href":"https:\/\/api.w.org\/{rel}","templated":true}]}}