{"id":6645,"date":"2025-02-04T15:47:34","date_gmt":"2025-02-04T14:47:34","guid":{"rendered":"https:\/\/www.tarn.educagri.fr\/flamarens\/?p=6645"},"modified":"2025-02-04T15:48:47","modified_gmt":"2025-02-04T14:48:47","slug":"du-fait-maison-a-la-cantine","status":"publish","type":"post","link":"https:\/\/www.tarn.educagri.fr\/flamarens\/du-fait-maison-a-la-cantine\/","title":{"rendered":"Du fait maison \u00e0 la cantine"},"content":{"rendered":"\t\t<div data-elementor-type=\"wp-post\" data-elementor-id=\"6645\" class=\"elementor elementor-6645\" data-elementor-post-type=\"post\">\n\t\t\t\t\t\t<section class=\"elementor-section elementor-top-section elementor-element elementor-element-86edc5a elementor-section-boxed elementor-section-height-default elementor-section-height-default\" data-id=\"86edc5a\" data-element_type=\"section\" data-e-type=\"section\">\n\t\t\t\t\t\t<div class=\"elementor-container elementor-column-gap-default\">\n\t\t\t\t\t<div class=\"elementor-column elementor-col-100 elementor-top-column elementor-element elementor-element-60f4c53\" data-id=\"60f4c53\" data-element_type=\"column\" data-e-type=\"column\">\n\t\t\t<div class=\"elementor-widget-wrap elementor-element-populated\">\n\t\t\t\t\t\t<div class=\"elementor-element elementor-element-20c0f7a elementor-headline--style-highlight elementor-widget elementor-widget-animated-headline\" data-id=\"20c0f7a\" data-element_type=\"widget\" data-e-type=\"widget\" data-settings=\"{&quot;marker&quot;:&quot;double_underline&quot;,&quot;highlighted_text&quot;:&quot;cuisinent !&quot;,&quot;headline_style&quot;:&quot;highlight&quot;,&quot;loop&quot;:&quot;yes&quot;,&quot;highlight_animation_duration&quot;:1200,&quot;highlight_iteration_delay&quot;:8000}\" data-widget_type=\"animated-headline.default\">\n\t\t\t\t<div class=\"elementor-widget-container\">\n\t\t\t\t\t\t\t<h3 class=\"elementor-headline\">\n\t\t\t\t\t<span class=\"elementor-headline-plain-text elementor-headline-text-wrapper\">Les \u00e9l\u00e8ves<\/span>\n\t\t\t\t<span class=\"elementor-headline-dynamic-wrapper elementor-headline-text-wrapper\">\n\t\t\t\t\t<span class=\"elementor-headline-dynamic-text elementor-headline-text-active\">cuisinent !<\/span>\n\t\t\t\t<\/span>\n\t\t\t\t<\/h3>\n\t\t\t\t\t\t<\/div>\n\t\t\t\t<\/div>\n\t\t\t\t\t<\/div>\n\t\t<\/div>\n\t\t\t\t\t<\/div>\n\t\t<\/section>\n\t\t\t\t<section class=\"elementor-section elementor-top-section elementor-element elementor-element-71c59d9 elementor-section-boxed elementor-section-height-default elementor-section-height-default\" data-id=\"71c59d9\" data-element_type=\"section\" data-e-type=\"section\">\n\t\t\t\t\t\t<div class=\"elementor-container elementor-column-gap-default\">\n\t\t\t\t\t<div class=\"elementor-column elementor-col-100 elementor-top-column elementor-element elementor-element-3d5587f\" data-id=\"3d5587f\" data-element_type=\"column\" data-e-type=\"column\">\n\t\t\t<div class=\"elementor-widget-wrap elementor-element-populated\">\n\t\t\t\t\t\t<div class=\"elementor-element elementor-element-49c0d98 elementor-widget elementor-widget-gallery\" data-id=\"49c0d98\" data-element_type=\"widget\" data-e-type=\"widget\" data-settings=\"{&quot;lazyload&quot;:&quot;yes&quot;,&quot;gallery_layout&quot;:&quot;grid&quot;,&quot;columns&quot;:4,&quot;columns_tablet&quot;:2,&quot;columns_mobile&quot;:1,&quot;gap&quot;:{&quot;unit&quot;:&quot;px&quot;,&quot;size&quot;:10,&quot;sizes&quot;:[]},&quot;gap_tablet&quot;:{&quot;unit&quot;:&quot;px&quot;,&quot;size&quot;:10,&quot;sizes&quot;:[]},&quot;gap_mobile&quot;:{&quot;unit&quot;:&quot;px&quot;,&quot;size&quot;:10,&quot;sizes&quot;:[]},&quot;link_to&quot;:&quot;file&quot;,&quot;aspect_ratio&quot;:&quot;3:2&quot;,&quot;overlay_background&quot;:&quot;yes&quot;,&quot;content_hover_animation&quot;:&quot;fade-in&quot;}\" data-widget_type=\"gallery.default\">\n\t\t\t\t<div class=\"elementor-widget-container\">\n\t\t\t\t\t\t\t<div class=\"elementor-gallery__container\">\n\t\t\t\t\t\t\t<a class=\"e-gallery-item elementor-gallery-item elementor-animated-content\" href=\"https:\/\/www.tarn.educagri.fr\/flamarens\/wp-content\/uploads\/2025\/02\/IMG-20250113-WA0003.jpg\" data-elementor-open-lightbox=\"yes\" data-elementor-lightbox-slideshow=\"49c0d98\" data-elementor-lightbox-title=\"cuisine pomme\" data-e-action-hash=\"#elementor-action%3Aaction%3Dlightbox%26settings%3DeyJpZCI6NjY2NiwidXJsIjoiaHR0cHM6XC9cL3d3dy50YXJuLmVkdWNhZ3JpLmZyXC9mbGFtYXJlbnNcL3dwLWNvbnRlbnRcL3VwbG9hZHNcLzIwMjVcLzAyXC9JTUctMjAyNTAxMTMtV0EwMDAzLmpwZyIsInNsaWRlc2hvdyI6IjQ5YzBkOTgifQ%3D%3D\">\n\t\t\t\t\t<div class=\"e-gallery-image elementor-gallery-item__image\" data-thumbnail=\"https:\/\/www.tarn.educagri.fr\/flamarens\/wp-content\/uploads\/2025\/02\/IMG-20250113-WA0003-169x300.jpg\" data-width=\"169\" data-height=\"300\" aria-label=\"cuisine pomme\" role=\"img\" ><\/div>\n\t\t\t\t\t\t\t\t\t\t\t<div class=\"elementor-gallery-item__overlay\"><\/div>\n\t\t\t\t\t\t\t\t\t\t\t\t\t\t<\/a>\n\t\t\t\t\t\t\t<a class=\"e-gallery-item elementor-gallery-item elementor-animated-content\" href=\"https:\/\/www.tarn.educagri.fr\/flamarens\/wp-content\/uploads\/2025\/02\/IMG-20250113-WA0001.jpg\" data-elementor-open-lightbox=\"yes\" data-elementor-lightbox-slideshow=\"49c0d98\" data-elementor-lightbox-title=\"cuisine pomme 1\" data-e-action-hash=\"#elementor-action%3Aaction%3Dlightbox%26settings%3DeyJpZCI6NjY2NSwidXJsIjoiaHR0cHM6XC9cL3d3dy50YXJuLmVkdWNhZ3JpLmZyXC9mbGFtYXJlbnNcL3dwLWNvbnRlbnRcL3VwbG9hZHNcLzIwMjVcLzAyXC9JTUctMjAyNTAxMTMtV0EwMDAxLmpwZyIsInNsaWRlc2hvdyI6IjQ5YzBkOTgifQ%3D%3D\">\n\t\t\t\t\t<div class=\"e-gallery-image elementor-gallery-item__image\" data-thumbnail=\"https:\/\/www.tarn.educagri.fr\/flamarens\/wp-content\/uploads\/2025\/02\/IMG-20250113-WA0001-169x300.jpg\" data-width=\"169\" data-height=\"300\" aria-label=\"cuisine pomme 1\" role=\"img\" ><\/div>\n\t\t\t\t\t\t\t\t\t\t\t<div class=\"elementor-gallery-item__overlay\"><\/div>\n\t\t\t\t\t\t\t\t\t\t\t\t\t\t<\/a>\n\t\t\t\t\t\t\t<a class=\"e-gallery-item elementor-gallery-item elementor-animated-content\" href=\"https:\/\/www.tarn.educagri.fr\/flamarens\/wp-content\/uploads\/2025\/02\/IMG-20241206-WA0011.jpg\" data-elementor-open-lightbox=\"yes\" data-elementor-lightbox-slideshow=\"49c0d98\" data-elementor-lightbox-title=\"cuisine pomme 2\" data-e-action-hash=\"#elementor-action%3Aaction%3Dlightbox%26settings%3DeyJpZCI6NjY2NCwidXJsIjoiaHR0cHM6XC9cL3d3dy50YXJuLmVkdWNhZ3JpLmZyXC9mbGFtYXJlbnNcL3dwLWNvbnRlbnRcL3VwbG9hZHNcLzIwMjVcLzAyXC9JTUctMjAyNDEyMDYtV0EwMDExLmpwZyIsInNsaWRlc2hvdyI6IjQ5YzBkOTgifQ%3D%3D\">\n\t\t\t\t\t<div class=\"e-gallery-image elementor-gallery-item__image\" data-thumbnail=\"https:\/\/www.tarn.educagri.fr\/flamarens\/wp-content\/uploads\/2025\/02\/IMG-20241206-WA0011-169x300.jpg\" data-width=\"169\" data-height=\"300\" aria-label=\"cuisine pomme 2\" role=\"img\" ><\/div>\n\t\t\t\t\t\t\t\t\t\t\t<div class=\"elementor-gallery-item__overlay\"><\/div>\n\t\t\t\t\t\t\t\t\t\t\t\t\t\t<\/a>\n\t\t\t\t\t\t\t<a class=\"e-gallery-item elementor-gallery-item elementor-animated-content\" href=\"https:\/\/www.tarn.educagri.fr\/flamarens\/wp-content\/uploads\/2025\/02\/IMG-20241206-WA0005.jpg\" data-elementor-open-lightbox=\"yes\" data-elementor-lightbox-slideshow=\"49c0d98\" data-elementor-lightbox-title=\"cuisine pomme 3\" data-e-action-hash=\"#elementor-action%3Aaction%3Dlightbox%26settings%3DeyJpZCI6NjY2MywidXJsIjoiaHR0cHM6XC9cL3d3dy50YXJuLmVkdWNhZ3JpLmZyXC9mbGFtYXJlbnNcL3dwLWNvbnRlbnRcL3VwbG9hZHNcLzIwMjVcLzAyXC9JTUctMjAyNDEyMDYtV0EwMDA1LmpwZyIsInNsaWRlc2hvdyI6IjQ5YzBkOTgifQ%3D%3D\">\n\t\t\t\t\t<div class=\"e-gallery-image elementor-gallery-item__image\" data-thumbnail=\"https:\/\/www.tarn.educagri.fr\/flamarens\/wp-content\/uploads\/2025\/02\/IMG-20241206-WA0005-169x300.jpg\" data-width=\"169\" data-height=\"300\" aria-label=\"cuisine pomme 3\" role=\"img\" ><\/div>\n\t\t\t\t\t\t\t\t\t\t\t<div class=\"elementor-gallery-item__overlay\"><\/div>\n\t\t\t\t\t\t\t\t\t\t\t\t\t\t<\/a>\n\t\t\t\t\t\t\t<a class=\"e-gallery-item elementor-gallery-item elementor-animated-content\" href=\"https:\/\/www.tarn.educagri.fr\/flamarens\/wp-content\/uploads\/2025\/02\/IMG-20241206-WA0000.jpg\" data-elementor-open-lightbox=\"yes\" data-elementor-lightbox-slideshow=\"49c0d98\" data-elementor-lightbox-title=\"cuisine pomme 4\" data-e-action-hash=\"#elementor-action%3Aaction%3Dlightbox%26settings%3DeyJpZCI6NjY2MiwidXJsIjoiaHR0cHM6XC9cL3d3dy50YXJuLmVkdWNhZ3JpLmZyXC9mbGFtYXJlbnNcL3dwLWNvbnRlbnRcL3VwbG9hZHNcLzIwMjVcLzAyXC9JTUctMjAyNDEyMDYtV0EwMDAwLmpwZyIsInNsaWRlc2hvdyI6IjQ5YzBkOTgifQ%3D%3D\">\n\t\t\t\t\t<div class=\"e-gallery-image elementor-gallery-item__image\" data-thumbnail=\"https:\/\/www.tarn.educagri.fr\/flamarens\/wp-content\/uploads\/2025\/02\/IMG-20241206-WA0000-300x169.jpg\" data-width=\"300\" data-height=\"169\" aria-label=\"cuisine pomme 4\" role=\"img\" ><\/div>\n\t\t\t\t\t\t\t\t\t\t\t<div class=\"elementor-gallery-item__overlay\"><\/div>\n\t\t\t\t\t\t\t\t\t\t\t\t\t\t<\/a>\n\t\t\t\t\t\t\t<a class=\"e-gallery-item elementor-gallery-item elementor-animated-content\" href=\"https:\/\/www.tarn.educagri.fr\/flamarens\/wp-content\/uploads\/2025\/02\/IMG-20241129-WA0009.jpg\" data-elementor-open-lightbox=\"yes\" data-elementor-lightbox-slideshow=\"49c0d98\" data-elementor-lightbox-title=\"cuisine pomme 5\" data-e-action-hash=\"#elementor-action%3Aaction%3Dlightbox%26settings%3DeyJpZCI6NjY2MSwidXJsIjoiaHR0cHM6XC9cL3d3dy50YXJuLmVkdWNhZ3JpLmZyXC9mbGFtYXJlbnNcL3dwLWNvbnRlbnRcL3VwbG9hZHNcLzIwMjVcLzAyXC9JTUctMjAyNDExMjktV0EwMDA5LmpwZyIsInNsaWRlc2hvdyI6IjQ5YzBkOTgifQ%3D%3D\">\n\t\t\t\t\t<div class=\"e-gallery-image elementor-gallery-item__image\" data-thumbnail=\"https:\/\/www.tarn.educagri.fr\/flamarens\/wp-content\/uploads\/2025\/02\/IMG-20241129-WA0009-169x300.jpg\" data-width=\"169\" data-height=\"300\" aria-label=\"cuisine pomme 5\" role=\"img\" ><\/div>\n\t\t\t\t\t\t\t\t\t\t\t<div class=\"elementor-gallery-item__overlay\"><\/div>\n\t\t\t\t\t\t\t\t\t\t\t\t\t\t<\/a>\n\t\t\t\t\t\t\t<a class=\"e-gallery-item elementor-gallery-item elementor-animated-content\" href=\"https:\/\/www.tarn.educagri.fr\/flamarens\/wp-content\/uploads\/2025\/02\/IMG-20241129-WA0001.jpg\" data-elementor-open-lightbox=\"yes\" data-elementor-lightbox-slideshow=\"49c0d98\" data-elementor-lightbox-title=\"cuisine pomme 6\" data-e-action-hash=\"#elementor-action%3Aaction%3Dlightbox%26settings%3DeyJpZCI6NjY2MCwidXJsIjoiaHR0cHM6XC9cL3d3dy50YXJuLmVkdWNhZ3JpLmZyXC9mbGFtYXJlbnNcL3dwLWNvbnRlbnRcL3VwbG9hZHNcLzIwMjVcLzAyXC9JTUctMjAyNDExMjktV0EwMDAxLmpwZyIsInNsaWRlc2hvdyI6IjQ5YzBkOTgifQ%3D%3D\">\n\t\t\t\t\t<div class=\"e-gallery-image elementor-gallery-item__image\" data-thumbnail=\"https:\/\/www.tarn.educagri.fr\/flamarens\/wp-content\/uploads\/2025\/02\/IMG-20241129-WA0001-169x300.jpg\" data-width=\"169\" data-height=\"300\" aria-label=\"cuisine pomme 7\" role=\"img\" ><\/div>\n\t\t\t\t\t\t\t\t\t\t\t<div class=\"elementor-gallery-item__overlay\"><\/div>\n\t\t\t\t\t\t\t\t\t\t\t\t\t\t<\/a>\n\t\t\t\t\t\t\t<a class=\"e-gallery-item elementor-gallery-item elementor-animated-content\" href=\"https:\/\/www.tarn.educagri.fr\/flamarens\/wp-content\/uploads\/2025\/02\/IMG-20250201-WA0008.jpg\" data-elementor-open-lightbox=\"yes\" data-elementor-lightbox-slideshow=\"49c0d98\" data-elementor-lightbox-title=\"croustade 3e\" data-e-action-hash=\"#elementor-action%3Aaction%3Dlightbox%26settings%3DeyJpZCI6NjY1NSwidXJsIjoiaHR0cHM6XC9cL3d3dy50YXJuLmVkdWNhZ3JpLmZyXC9mbGFtYXJlbnNcL3dwLWNvbnRlbnRcL3VwbG9hZHNcLzIwMjVcLzAyXC9JTUctMjAyNTAyMDEtV0EwMDA4LmpwZyIsInNsaWRlc2hvdyI6IjQ5YzBkOTgifQ%3D%3D\">\n\t\t\t\t\t<div class=\"e-gallery-image elementor-gallery-item__image\" data-thumbnail=\"https:\/\/www.tarn.educagri.fr\/flamarens\/wp-content\/uploads\/2025\/02\/IMG-20250201-WA0008-300x169.jpg\" data-width=\"300\" data-height=\"169\" aria-label=\"croustade 3e\" role=\"img\" ><\/div>\n\t\t\t\t\t\t\t\t\t\t\t<div class=\"elementor-gallery-item__overlay\"><\/div>\n\t\t\t\t\t\t\t\t\t\t\t\t\t\t<\/a>\n\t\t\t\t\t\t\t<a class=\"e-gallery-item elementor-gallery-item elementor-animated-content\" href=\"https:\/\/www.tarn.educagri.fr\/flamarens\/wp-content\/uploads\/2025\/02\/IMG-20250201-WA0007.jpg\" data-elementor-open-lightbox=\"yes\" data-elementor-lightbox-slideshow=\"49c0d98\" data-elementor-lightbox-title=\"eleves preparant un crumble\" data-e-action-hash=\"#elementor-action%3Aaction%3Dlightbox%26settings%3DeyJpZCI6NjY1NCwidXJsIjoiaHR0cHM6XC9cL3d3dy50YXJuLmVkdWNhZ3JpLmZyXC9mbGFtYXJlbnNcL3dwLWNvbnRlbnRcL3VwbG9hZHNcLzIwMjVcLzAyXC9JTUctMjAyNTAyMDEtV0EwMDA3LmpwZyIsInNsaWRlc2hvdyI6IjQ5YzBkOTgifQ%3D%3D\">\n\t\t\t\t\t<div class=\"e-gallery-image elementor-gallery-item__image\" data-thumbnail=\"https:\/\/www.tarn.educagri.fr\/flamarens\/wp-content\/uploads\/2025\/02\/IMG-20250201-WA0007-300x169.jpg\" data-width=\"300\" data-height=\"169\" aria-label=\"eleves preparant un crumble\" role=\"img\" ><\/div>\n\t\t\t\t\t\t\t\t\t\t\t<div class=\"elementor-gallery-item__overlay\"><\/div>\n\t\t\t\t\t\t\t\t\t\t\t\t\t\t<\/a>\n\t\t\t\t\t\t\t<a class=\"e-gallery-item elementor-gallery-item elementor-animated-content\" href=\"https:\/\/www.tarn.educagri.fr\/flamarens\/wp-content\/uploads\/2025\/02\/IMG-20250201-WA0006.jpg\" data-elementor-open-lightbox=\"yes\" data-elementor-lightbox-slideshow=\"49c0d98\" data-elementor-lightbox-title=\"pate feuillet\u00e9e 3eme\" data-e-action-hash=\"#elementor-action%3Aaction%3Dlightbox%26settings%3DeyJpZCI6NjY1MywidXJsIjoiaHR0cHM6XC9cL3d3dy50YXJuLmVkdWNhZ3JpLmZyXC9mbGFtYXJlbnNcL3dwLWNvbnRlbnRcL3VwbG9hZHNcLzIwMjVcLzAyXC9JTUctMjAyNTAyMDEtV0EwMDA2LmpwZyIsInNsaWRlc2hvdyI6IjQ5YzBkOTgifQ%3D%3D\">\n\t\t\t\t\t<div class=\"e-gallery-image elementor-gallery-item__image\" data-thumbnail=\"https:\/\/www.tarn.educagri.fr\/flamarens\/wp-content\/uploads\/2025\/02\/IMG-20250201-WA0006-169x300.jpg\" data-width=\"169\" data-height=\"300\" aria-label=\"pate feuillet\u00e9e 3eme\" role=\"img\" ><\/div>\n\t\t\t\t\t\t\t\t\t\t\t<div class=\"elementor-gallery-item__overlay\"><\/div>\n\t\t\t\t\t\t\t\t\t\t\t\t\t\t<\/a>\n\t\t\t\t\t\t\t<a class=\"e-gallery-item elementor-gallery-item elementor-animated-content\" href=\"https:\/\/www.tarn.educagri.fr\/flamarens\/wp-content\/uploads\/2025\/02\/IMG-20250201-WA0005.jpg\" data-elementor-open-lightbox=\"yes\" data-elementor-lightbox-slideshow=\"49c0d98\" data-elementor-lightbox-title=\"croustade cuite\" data-e-action-hash=\"#elementor-action%3Aaction%3Dlightbox%26settings%3DeyJpZCI6NjY1MiwidXJsIjoiaHR0cHM6XC9cL3d3dy50YXJuLmVkdWNhZ3JpLmZyXC9mbGFtYXJlbnNcL3dwLWNvbnRlbnRcL3VwbG9hZHNcLzIwMjVcLzAyXC9JTUctMjAyNTAyMDEtV0EwMDA1LmpwZyIsInNsaWRlc2hvdyI6IjQ5YzBkOTgifQ%3D%3D\">\n\t\t\t\t\t<div class=\"e-gallery-image elementor-gallery-item__image\" data-thumbnail=\"https:\/\/www.tarn.educagri.fr\/flamarens\/wp-content\/uploads\/2025\/02\/IMG-20250201-WA0005-169x300.jpg\" data-width=\"169\" data-height=\"300\" aria-label=\"croustade cuite\" role=\"img\" ><\/div>\n\t\t\t\t\t\t\t\t\t\t\t<div class=\"elementor-gallery-item__overlay\"><\/div>\n\t\t\t\t\t\t\t\t\t\t\t\t\t\t<\/a>\n\t\t\t\t\t\t\t<a class=\"e-gallery-item elementor-gallery-item elementor-animated-content\" href=\"https:\/\/www.tarn.educagri.fr\/flamarens\/wp-content\/uploads\/2025\/02\/IMG-20250201-WA0004.jpg\" data-elementor-open-lightbox=\"yes\" data-elementor-lightbox-slideshow=\"49c0d98\" data-elementor-lightbox-title=\"\u00e9l\u00e8ves cuisinants\" data-e-action-hash=\"#elementor-action%3Aaction%3Dlightbox%26settings%3DeyJpZCI6NjY1MSwidXJsIjoiaHR0cHM6XC9cL3d3dy50YXJuLmVkdWNhZ3JpLmZyXC9mbGFtYXJlbnNcL3dwLWNvbnRlbnRcL3VwbG9hZHNcLzIwMjVcLzAyXC9JTUctMjAyNTAyMDEtV0EwMDA0LmpwZyIsInNsaWRlc2hvdyI6IjQ5YzBkOTgifQ%3D%3D\">\n\t\t\t\t\t<div class=\"e-gallery-image elementor-gallery-item__image\" data-thumbnail=\"https:\/\/www.tarn.educagri.fr\/flamarens\/wp-content\/uploads\/2025\/02\/IMG-20250201-WA0004-300x169.jpg\" data-width=\"300\" data-height=\"169\" aria-label=\"\u00e9l\u00e8ves cuisinants\" role=\"img\" ><\/div>\n\t\t\t\t\t\t\t\t\t\t\t<div class=\"elementor-gallery-item__overlay\"><\/div>\n\t\t\t\t\t\t\t\t\t\t\t\t\t\t<\/a>\n\t\t\t\t\t\t\t<a class=\"e-gallery-item elementor-gallery-item elementor-animated-content\" href=\"https:\/\/www.tarn.educagri.fr\/flamarens\/wp-content\/uploads\/2025\/02\/IMG-20250201-WA0002.jpg\" data-elementor-open-lightbox=\"yes\" data-elementor-lightbox-slideshow=\"49c0d98\" data-elementor-lightbox-title=\"\u00e9l\u00e8ve pelant des pommes\" data-e-action-hash=\"#elementor-action%3Aaction%3Dlightbox%26settings%3DeyJpZCI6NjY0OSwidXJsIjoiaHR0cHM6XC9cL3d3dy50YXJuLmVkdWNhZ3JpLmZyXC9mbGFtYXJlbnNcL3dwLWNvbnRlbnRcL3VwbG9hZHNcLzIwMjVcLzAyXC9JTUctMjAyNTAyMDEtV0EwMDAyLmpwZyIsInNsaWRlc2hvdyI6IjQ5YzBkOTgifQ%3D%3D\">\n\t\t\t\t\t<div class=\"e-gallery-image elementor-gallery-item__image\" data-thumbnail=\"https:\/\/www.tarn.educagri.fr\/flamarens\/wp-content\/uploads\/2025\/02\/IMG-20250201-WA0002-169x300.jpg\" data-width=\"169\" data-height=\"300\" aria-label=\"\u00e9l\u00e8ve pelant des pommes\" role=\"img\" ><\/div>\n\t\t\t\t\t\t\t\t\t\t\t<div class=\"elementor-gallery-item__overlay\"><\/div>\n\t\t\t\t\t\t\t\t\t\t\t\t\t\t<\/a>\n\t\t\t\t\t\t\t<a class=\"e-gallery-item elementor-gallery-item elementor-animated-content\" href=\"https:\/\/www.tarn.educagri.fr\/flamarens\/wp-content\/uploads\/2025\/02\/IMG-20250201-WA0001.jpg\" data-elementor-open-lightbox=\"yes\" data-elementor-lightbox-slideshow=\"49c0d98\" data-elementor-lightbox-title=\"\u00e9l\u00e8ves pelant des pommes 1\" data-e-action-hash=\"#elementor-action%3Aaction%3Dlightbox%26settings%3DeyJpZCI6NjY0OCwidXJsIjoiaHR0cHM6XC9cL3d3dy50YXJuLmVkdWNhZ3JpLmZyXC9mbGFtYXJlbnNcL3dwLWNvbnRlbnRcL3VwbG9hZHNcLzIwMjVcLzAyXC9JTUctMjAyNTAyMDEtV0EwMDAxLmpwZyIsInNsaWRlc2hvdyI6IjQ5YzBkOTgifQ%3D%3D\">\n\t\t\t\t\t<div class=\"e-gallery-image elementor-gallery-item__image\" data-thumbnail=\"https:\/\/www.tarn.educagri.fr\/flamarens\/wp-content\/uploads\/2025\/02\/IMG-20250201-WA0001-169x300.jpg\" data-width=\"169\" data-height=\"300\" aria-label=\"\u00e9l\u00e8ves pelant des pommes 1\" role=\"img\" ><\/div>\n\t\t\t\t\t\t\t\t\t\t\t<div class=\"elementor-gallery-item__overlay\"><\/div>\n\t\t\t\t\t\t\t\t\t\t\t\t\t\t<\/a>\n\t\t\t\t\t\t\t<a class=\"e-gallery-item elementor-gallery-item elementor-animated-content\" href=\"https:\/\/www.tarn.educagri.fr\/flamarens\/wp-content\/uploads\/2025\/02\/IMG-20250201-WA0000.jpg\" data-elementor-open-lightbox=\"yes\" data-elementor-lightbox-slideshow=\"49c0d98\" data-elementor-lightbox-title=\"\u00e9l\u00e8ve pelant des pommes 2\" data-e-action-hash=\"#elementor-action%3Aaction%3Dlightbox%26settings%3DeyJpZCI6NjY0NywidXJsIjoiaHR0cHM6XC9cL3d3dy50YXJuLmVkdWNhZ3JpLmZyXC9mbGFtYXJlbnNcL3dwLWNvbnRlbnRcL3VwbG9hZHNcLzIwMjVcLzAyXC9JTUctMjAyNTAyMDEtV0EwMDAwLmpwZyIsInNsaWRlc2hvdyI6IjQ5YzBkOTgifQ%3D%3D\">\n\t\t\t\t\t<div class=\"e-gallery-image elementor-gallery-item__image\" data-thumbnail=\"https:\/\/www.tarn.educagri.fr\/flamarens\/wp-content\/uploads\/2025\/02\/IMG-20250201-WA0000-169x300.jpg\" data-width=\"169\" data-height=\"300\" aria-label=\"\u00e9l\u00e8ve pelant des pommes 2\" role=\"img\" ><\/div>\n\t\t\t\t\t\t\t\t\t\t\t<div class=\"elementor-gallery-item__overlay\"><\/div>\n\t\t\t\t\t\t\t\t\t\t\t\t\t\t<\/a>\n\t\t\t\t\t<\/div>\n\t\t\t\t\t<\/div>\n\t\t\t\t<\/div>\n\t\t\t\t\t<\/div>\n\t\t<\/div>\n\t\t\t\t\t<\/div>\n\t\t<\/section>\n\t\t\t\t<section class=\"elementor-section elementor-top-section elementor-element elementor-element-457416a elementor-section-boxed elementor-section-height-default elementor-section-height-default\" data-id=\"457416a\" data-element_type=\"section\" data-e-type=\"section\">\n\t\t\t\t\t\t<div class=\"elementor-container elementor-column-gap-default\">\n\t\t\t\t\t<div class=\"elementor-column elementor-col-50 elementor-top-column elementor-element elementor-element-5c25647\" data-id=\"5c25647\" data-element_type=\"column\" data-e-type=\"column\">\n\t\t\t<div class=\"elementor-widget-wrap elementor-element-populated\">\n\t\t\t\t\t\t<div class=\"elementor-element elementor-element-e0696bf elementor-widget elementor-widget-text-editor\" data-id=\"e0696bf\" data-element_type=\"widget\" data-e-type=\"widget\" data-widget_type=\"text-editor.default\">\n\t\t\t\t<div class=\"elementor-widget-container\">\n\t\t\t\t\t\t\t\t\t<p>Tout les vendredi, les \u00e9l\u00e8ves de 3\u00e8me nous cuisinent des desserts d\u00e9licieux \u00e0 base de pomme.<\/p><p>En d\u00e9but d&rsquo;ann\u00e9e ils ont rencontrer un producteur de pommes et r\u00e9colt\u00e9 les fruits dans un verger dans le cadre de l&rsquo;EPI v\u00e9g\u00e9taux cultiv\u00e9s.<\/p><p>Par groupe de 3 ou 4, les \u00e9l\u00e8ves transforment les pommes pour le plus grands plaisirs de tous. Il sont accompagn\u00e9s de l&rsquo;\u00e9quipe de la cuisine du LPA qui prennent plaisir \u00e0 partager leur savoir faire !<\/p>\t\t\t\t\t\t\t\t<\/div>\n\t\t\t\t<\/div>\n\t\t\t\t\t<\/div>\n\t\t<\/div>\n\t\t\t\t<div class=\"elementor-column elementor-col-50 elementor-top-column elementor-element elementor-element-9ac8d2d\" data-id=\"9ac8d2d\" data-element_type=\"column\" data-e-type=\"column\">\n\t\t\t<div class=\"elementor-widget-wrap elementor-element-populated\">\n\t\t\t\t\t\t<div class=\"elementor-element elementor-element-d1ead9b elementor-align-center elementor-widget elementor-widget-lottie\" data-id=\"d1ead9b\" data-element_type=\"widget\" data-e-type=\"widget\" data-settings=\"{&quot;source_json&quot;:{&quot;url&quot;:&quot;https:\\\/\\\/www.tarn.educagri.fr\\\/flamarens\\\/wp-content\\\/uploads\\\/2025\\\/02\\\/Animation-1738680333781.json&quot;,&quot;id&quot;:6675,&quot;size&quot;:&quot;&quot;,&quot;alt&quot;:&quot;&quot;,&quot;source&quot;:&quot;library&quot;},&quot;source&quot;:&quot;media_file&quot;,&quot;caption_source&quot;:&quot;none&quot;,&quot;link_to&quot;:&quot;none&quot;,&quot;trigger&quot;:&quot;arriving_to_viewport&quot;,&quot;viewport&quot;:{&quot;unit&quot;:&quot;%&quot;,&quot;size&quot;:&quot;&quot;,&quot;sizes&quot;:{&quot;start&quot;:0,&quot;end&quot;:100}},&quot;play_speed&quot;:{&quot;unit&quot;:&quot;px&quot;,&quot;size&quot;:1,&quot;sizes&quot;:[]},&quot;start_point&quot;:{&quot;unit&quot;:&quot;%&quot;,&quot;size&quot;:0,&quot;sizes&quot;:[]},&quot;end_point&quot;:{&quot;unit&quot;:&quot;%&quot;,&quot;size&quot;:100,&quot;sizes&quot;:[]},&quot;renderer&quot;:&quot;svg&quot;}\" data-widget_type=\"lottie.default\">\n\t\t\t\t<div class=\"elementor-widget-container\">\n\t\t\t\t\t<div class=\"e-lottie__container\"><div class=\"e-lottie__animation\"><\/div><\/div>\t\t\t\t<\/div>\n\t\t\t\t<\/div>\n\t\t\t\t\t<\/div>\n\t\t<\/div>\n\t\t\t\t\t<\/div>\n\t\t<\/section>\n\t\t\t\t<\/div>\n\t\t","protected":false},"excerpt":{"rendered":"<p>Les \u00e9l\u00e8ves cuisinent ! Tout les vendredi, les \u00e9l\u00e8ves de 3\u00e8me nous cuisinent des desserts d\u00e9licieux \u00e0 base de pomme. En d\u00e9but d&rsquo;ann\u00e9e ils ont&hellip;<\/p>\n","protected":false},"author":6,"featured_media":6655,"comment_status":"closed","ping_status":"closed","sticky":false,"template":"","format":"standard","meta":{"footnotes":""},"categories":[1],"tags":[],"class_list":["post-6645","post","type-post","status-publish","format-standard","has-post-thumbnail","hentry","category-non-classe"],"yoast_head":"<!-- This site is optimized with the Yoast SEO plugin v27.3 - https:\/\/yoast.com\/product\/yoast-seo-wordpress\/ -->\n<title>Du fait maison \u00e0 la cantine - Lyc\u00e9e Flamarens Lavaur<\/title>\n<meta name=\"robots\" content=\"index, follow, max-snippet:-1, max-image-preview:large, max-video-preview:-1\" \/>\n<link rel=\"canonical\" href=\"https:\/\/www.tarn.educagri.fr\/flamarens\/du-fait-maison-a-la-cantine\/\" \/>\n<meta property=\"og:locale\" content=\"fr_FR\" \/>\n<meta property=\"og:type\" content=\"article\" \/>\n<meta property=\"og:title\" content=\"Du fait maison \u00e0 la cantine - Lyc\u00e9e Flamarens Lavaur\" \/>\n<meta property=\"og:description\" content=\"Les \u00e9l\u00e8ves cuisinent ! Tout les vendredi, les \u00e9l\u00e8ves de 3\u00e8me nous cuisinent des desserts d\u00e9licieux \u00e0 base de pomme. En d\u00e9but d&rsquo;ann\u00e9e ils ont&hellip;\" \/>\n<meta property=\"og:url\" content=\"https:\/\/www.tarn.educagri.fr\/flamarens\/du-fait-maison-a-la-cantine\/\" \/>\n<meta property=\"og:site_name\" content=\"Lyc\u00e9e Flamarens Lavaur\" \/>\n<meta property=\"article:published_time\" content=\"2025-02-04T14:47:34+00:00\" \/>\n<meta property=\"article:modified_time\" content=\"2025-02-04T14:48:47+00:00\" \/>\n<meta property=\"og:image\" content=\"https:\/\/www.tarn.educagri.fr\/flamarens\/wp-content\/uploads\/2025\/02\/IMG-20250201-WA0008.jpg\" \/>\n\t<meta property=\"og:image:width\" content=\"1600\" \/>\n\t<meta property=\"og:image:height\" content=\"900\" \/>\n\t<meta property=\"og:image:type\" content=\"image\/jpeg\" \/>\n<meta name=\"author\" content=\"Marie SCHMIDT\" \/>\n<meta name=\"twitter:card\" content=\"summary_large_image\" \/>\n<meta name=\"twitter:label1\" content=\"\u00c9crit par\" \/>\n\t<meta name=\"twitter:data1\" content=\"Marie SCHMIDT\" \/>\n\t<meta name=\"twitter:label2\" content=\"Dur\u00e9e de lecture estim\u00e9e\" \/>\n\t<meta name=\"twitter:data2\" content=\"1 minute\" \/>\n<script type=\"application\/ld+json\" class=\"yoast-schema-graph\">{\"@context\":\"https:\\\/\\\/schema.org\",\"@graph\":[{\"@type\":\"Article\",\"@id\":\"https:\\\/\\\/www.tarn.educagri.fr\\\/flamarens\\\/du-fait-maison-a-la-cantine\\\/#article\",\"isPartOf\":{\"@id\":\"https:\\\/\\\/www.tarn.educagri.fr\\\/flamarens\\\/du-fait-maison-a-la-cantine\\\/\"},\"author\":{\"name\":\"Marie SCHMIDT\",\"@id\":\"https:\\\/\\\/www.tarn.educagri.fr\\\/flamarens\\\/#\\\/schema\\\/person\\\/5bff1f3a6e7f4bada34a52f3ffd914c2\"},\"headline\":\"Du fait maison \u00e0 la cantine\",\"datePublished\":\"2025-02-04T14:47:34+00:00\",\"dateModified\":\"2025-02-04T14:48:47+00:00\",\"mainEntityOfPage\":{\"@id\":\"https:\\\/\\\/www.tarn.educagri.fr\\\/flamarens\\\/du-fait-maison-a-la-cantine\\\/\"},\"wordCount\":94,\"publisher\":{\"@id\":\"https:\\\/\\\/www.tarn.educagri.fr\\\/flamarens\\\/#organization\"},\"image\":{\"@id\":\"https:\\\/\\\/www.tarn.educagri.fr\\\/flamarens\\\/du-fait-maison-a-la-cantine\\\/#primaryimage\"},\"thumbnailUrl\":\"https:\\\/\\\/www.tarn.educagri.fr\\\/flamarens\\\/wp-content\\\/uploads\\\/2025\\\/02\\\/IMG-20250201-WA0008.jpg\",\"inLanguage\":\"fr-FR\"},{\"@type\":\"WebPage\",\"@id\":\"https:\\\/\\\/www.tarn.educagri.fr\\\/flamarens\\\/du-fait-maison-a-la-cantine\\\/\",\"url\":\"https:\\\/\\\/www.tarn.educagri.fr\\\/flamarens\\\/du-fait-maison-a-la-cantine\\\/\",\"name\":\"Du fait maison \u00e0 la cantine - Lyc\u00e9e Flamarens Lavaur\",\"isPartOf\":{\"@id\":\"https:\\\/\\\/www.tarn.educagri.fr\\\/flamarens\\\/#website\"},\"primaryImageOfPage\":{\"@id\":\"https:\\\/\\\/www.tarn.educagri.fr\\\/flamarens\\\/du-fait-maison-a-la-cantine\\\/#primaryimage\"},\"image\":{\"@id\":\"https:\\\/\\\/www.tarn.educagri.fr\\\/flamarens\\\/du-fait-maison-a-la-cantine\\\/#primaryimage\"},\"thumbnailUrl\":\"https:\\\/\\\/www.tarn.educagri.fr\\\/flamarens\\\/wp-content\\\/uploads\\\/2025\\\/02\\\/IMG-20250201-WA0008.jpg\",\"datePublished\":\"2025-02-04T14:47:34+00:00\",\"dateModified\":\"2025-02-04T14:48:47+00:00\",\"breadcrumb\":{\"@id\":\"https:\\\/\\\/www.tarn.educagri.fr\\\/flamarens\\\/du-fait-maison-a-la-cantine\\\/#breadcrumb\"},\"inLanguage\":\"fr-FR\",\"potentialAction\":[{\"@type\":\"ReadAction\",\"target\":[\"https:\\\/\\\/www.tarn.educagri.fr\\\/flamarens\\\/du-fait-maison-a-la-cantine\\\/\"]}]},{\"@type\":\"ImageObject\",\"inLanguage\":\"fr-FR\",\"@id\":\"https:\\\/\\\/www.tarn.educagri.fr\\\/flamarens\\\/du-fait-maison-a-la-cantine\\\/#primaryimage\",\"url\":\"https:\\\/\\\/www.tarn.educagri.fr\\\/flamarens\\\/wp-content\\\/uploads\\\/2025\\\/02\\\/IMG-20250201-WA0008.jpg\",\"contentUrl\":\"https:\\\/\\\/www.tarn.educagri.fr\\\/flamarens\\\/wp-content\\\/uploads\\\/2025\\\/02\\\/IMG-20250201-WA0008.jpg\",\"width\":1600,\"height\":900,\"caption\":\"croustade 3e\"},{\"@type\":\"BreadcrumbList\",\"@id\":\"https:\\\/\\\/www.tarn.educagri.fr\\\/flamarens\\\/du-fait-maison-a-la-cantine\\\/#breadcrumb\",\"itemListElement\":[{\"@type\":\"ListItem\",\"position\":1,\"name\":\"Accueil\",\"item\":\"https:\\\/\\\/www.tarn.educagri.fr\\\/flamarens\\\/\"},{\"@type\":\"ListItem\",\"position\":2,\"name\":\"Du fait maison \u00e0 la cantine\"}]},{\"@type\":\"WebSite\",\"@id\":\"https:\\\/\\\/www.tarn.educagri.fr\\\/flamarens\\\/#website\",\"url\":\"https:\\\/\\\/www.tarn.educagri.fr\\\/flamarens\\\/\",\"name\":\"Lyc\u00e9e Flamarens Lavaur\",\"description\":\"Le campus des possibles\",\"publisher\":{\"@id\":\"https:\\\/\\\/www.tarn.educagri.fr\\\/flamarens\\\/#organization\"},\"potentialAction\":[{\"@type\":\"SearchAction\",\"target\":{\"@type\":\"EntryPoint\",\"urlTemplate\":\"https:\\\/\\\/www.tarn.educagri.fr\\\/flamarens\\\/?s={search_term_string}\"},\"query-input\":{\"@type\":\"PropertyValueSpecification\",\"valueRequired\":true,\"valueName\":\"search_term_string\"}}],\"inLanguage\":\"fr-FR\"},{\"@type\":\"Organization\",\"@id\":\"https:\\\/\\\/www.tarn.educagri.fr\\\/flamarens\\\/#organization\",\"name\":\"Etablissement agro environnemental du Tarn\",\"url\":\"https:\\\/\\\/www.tarn.educagri.fr\\\/flamarens\\\/\",\"logo\":{\"@type\":\"ImageObject\",\"inLanguage\":\"fr-FR\",\"@id\":\"https:\\\/\\\/www.tarn.educagri.fr\\\/flamarens\\\/#\\\/schema\\\/logo\\\/image\\\/\",\"url\":\"https:\\\/\\\/www.tarn.educagri.fr\\\/flamarens\\\/wp-content\\\/uploads\\\/2018\\\/05\\\/logo-EPl.jpg\",\"contentUrl\":\"https:\\\/\\\/www.tarn.educagri.fr\\\/flamarens\\\/wp-content\\\/uploads\\\/2018\\\/05\\\/logo-EPl.jpg\",\"width\":624,\"height\":624,\"caption\":\"Etablissement agro environnemental du Tarn\"},\"image\":{\"@id\":\"https:\\\/\\\/www.tarn.educagri.fr\\\/flamarens\\\/#\\\/schema\\\/logo\\\/image\\\/\"}},{\"@type\":\"Person\",\"@id\":\"https:\\\/\\\/www.tarn.educagri.fr\\\/flamarens\\\/#\\\/schema\\\/person\\\/5bff1f3a6e7f4bada34a52f3ffd914c2\",\"name\":\"Marie SCHMIDT\",\"image\":{\"@type\":\"ImageObject\",\"inLanguage\":\"fr-FR\",\"@id\":\"https:\\\/\\\/secure.gravatar.com\\\/avatar\\\/2bd3fa8b991b0d7b5453824e1ab84c48e205472ce59b60d7a226d0606517f907?s=96&d=mm&r=g\",\"url\":\"https:\\\/\\\/secure.gravatar.com\\\/avatar\\\/2bd3fa8b991b0d7b5453824e1ab84c48e205472ce59b60d7a226d0606517f907?s=96&d=mm&r=g\",\"contentUrl\":\"https:\\\/\\\/secure.gravatar.com\\\/avatar\\\/2bd3fa8b991b0d7b5453824e1ab84c48e205472ce59b60d7a226d0606517f907?s=96&d=mm&r=g\",\"caption\":\"Marie SCHMIDT\"}}]}<\/script>\n<!-- \/ Yoast SEO plugin. -->","yoast_head_json":{"title":"Du fait maison \u00e0 la cantine - Lyc\u00e9e Flamarens Lavaur","robots":{"index":"index","follow":"follow","max-snippet":"max-snippet:-1","max-image-preview":"max-image-preview:large","max-video-preview":"max-video-preview:-1"},"canonical":"https:\/\/www.tarn.educagri.fr\/flamarens\/du-fait-maison-a-la-cantine\/","og_locale":"fr_FR","og_type":"article","og_title":"Du fait maison \u00e0 la cantine - Lyc\u00e9e Flamarens Lavaur","og_description":"Les \u00e9l\u00e8ves cuisinent ! Tout les vendredi, les \u00e9l\u00e8ves de 3\u00e8me nous cuisinent des desserts d\u00e9licieux \u00e0 base de pomme. En d\u00e9but d&rsquo;ann\u00e9e ils ont&hellip;","og_url":"https:\/\/www.tarn.educagri.fr\/flamarens\/du-fait-maison-a-la-cantine\/","og_site_name":"Lyc\u00e9e Flamarens Lavaur","article_published_time":"2025-02-04T14:47:34+00:00","article_modified_time":"2025-02-04T14:48:47+00:00","og_image":[{"width":1600,"height":900,"url":"https:\/\/www.tarn.educagri.fr\/flamarens\/wp-content\/uploads\/2025\/02\/IMG-20250201-WA0008.jpg","type":"image\/jpeg"}],"author":"Marie SCHMIDT","twitter_card":"summary_large_image","twitter_misc":{"\u00c9crit par":"Marie SCHMIDT","Dur\u00e9e de lecture estim\u00e9e":"1 minute"},"schema":{"@context":"https:\/\/schema.org","@graph":[{"@type":"Article","@id":"https:\/\/www.tarn.educagri.fr\/flamarens\/du-fait-maison-a-la-cantine\/#article","isPartOf":{"@id":"https:\/\/www.tarn.educagri.fr\/flamarens\/du-fait-maison-a-la-cantine\/"},"author":{"name":"Marie SCHMIDT","@id":"https:\/\/www.tarn.educagri.fr\/flamarens\/#\/schema\/person\/5bff1f3a6e7f4bada34a52f3ffd914c2"},"headline":"Du fait maison \u00e0 la cantine","datePublished":"2025-02-04T14:47:34+00:00","dateModified":"2025-02-04T14:48:47+00:00","mainEntityOfPage":{"@id":"https:\/\/www.tarn.educagri.fr\/flamarens\/du-fait-maison-a-la-cantine\/"},"wordCount":94,"publisher":{"@id":"https:\/\/www.tarn.educagri.fr\/flamarens\/#organization"},"image":{"@id":"https:\/\/www.tarn.educagri.fr\/flamarens\/du-fait-maison-a-la-cantine\/#primaryimage"},"thumbnailUrl":"https:\/\/www.tarn.educagri.fr\/flamarens\/wp-content\/uploads\/2025\/02\/IMG-20250201-WA0008.jpg","inLanguage":"fr-FR"},{"@type":"WebPage","@id":"https:\/\/www.tarn.educagri.fr\/flamarens\/du-fait-maison-a-la-cantine\/","url":"https:\/\/www.tarn.educagri.fr\/flamarens\/du-fait-maison-a-la-cantine\/","name":"Du fait maison \u00e0 la cantine - Lyc\u00e9e Flamarens Lavaur","isPartOf":{"@id":"https:\/\/www.tarn.educagri.fr\/flamarens\/#website"},"primaryImageOfPage":{"@id":"https:\/\/www.tarn.educagri.fr\/flamarens\/du-fait-maison-a-la-cantine\/#primaryimage"},"image":{"@id":"https:\/\/www.tarn.educagri.fr\/flamarens\/du-fait-maison-a-la-cantine\/#primaryimage"},"thumbnailUrl":"https:\/\/www.tarn.educagri.fr\/flamarens\/wp-content\/uploads\/2025\/02\/IMG-20250201-WA0008.jpg","datePublished":"2025-02-04T14:47:34+00:00","dateModified":"2025-02-04T14:48:47+00:00","breadcrumb":{"@id":"https:\/\/www.tarn.educagri.fr\/flamarens\/du-fait-maison-a-la-cantine\/#breadcrumb"},"inLanguage":"fr-FR","potentialAction":[{"@type":"ReadAction","target":["https:\/\/www.tarn.educagri.fr\/flamarens\/du-fait-maison-a-la-cantine\/"]}]},{"@type":"ImageObject","inLanguage":"fr-FR","@id":"https:\/\/www.tarn.educagri.fr\/flamarens\/du-fait-maison-a-la-cantine\/#primaryimage","url":"https:\/\/www.tarn.educagri.fr\/flamarens\/wp-content\/uploads\/2025\/02\/IMG-20250201-WA0008.jpg","contentUrl":"https:\/\/www.tarn.educagri.fr\/flamarens\/wp-content\/uploads\/2025\/02\/IMG-20250201-WA0008.jpg","width":1600,"height":900,"caption":"croustade 3e"},{"@type":"BreadcrumbList","@id":"https:\/\/www.tarn.educagri.fr\/flamarens\/du-fait-maison-a-la-cantine\/#breadcrumb","itemListElement":[{"@type":"ListItem","position":1,"name":"Accueil","item":"https:\/\/www.tarn.educagri.fr\/flamarens\/"},{"@type":"ListItem","position":2,"name":"Du fait maison \u00e0 la cantine"}]},{"@type":"WebSite","@id":"https:\/\/www.tarn.educagri.fr\/flamarens\/#website","url":"https:\/\/www.tarn.educagri.fr\/flamarens\/","name":"Lyc\u00e9e Flamarens Lavaur","description":"Le campus des possibles","publisher":{"@id":"https:\/\/www.tarn.educagri.fr\/flamarens\/#organization"},"potentialAction":[{"@type":"SearchAction","target":{"@type":"EntryPoint","urlTemplate":"https:\/\/www.tarn.educagri.fr\/flamarens\/?s={search_term_string}"},"query-input":{"@type":"PropertyValueSpecification","valueRequired":true,"valueName":"search_term_string"}}],"inLanguage":"fr-FR"},{"@type":"Organization","@id":"https:\/\/www.tarn.educagri.fr\/flamarens\/#organization","name":"Etablissement agro environnemental du Tarn","url":"https:\/\/www.tarn.educagri.fr\/flamarens\/","logo":{"@type":"ImageObject","inLanguage":"fr-FR","@id":"https:\/\/www.tarn.educagri.fr\/flamarens\/#\/schema\/logo\/image\/","url":"https:\/\/www.tarn.educagri.fr\/flamarens\/wp-content\/uploads\/2018\/05\/logo-EPl.jpg","contentUrl":"https:\/\/www.tarn.educagri.fr\/flamarens\/wp-content\/uploads\/2018\/05\/logo-EPl.jpg","width":624,"height":624,"caption":"Etablissement agro environnemental du Tarn"},"image":{"@id":"https:\/\/www.tarn.educagri.fr\/flamarens\/#\/schema\/logo\/image\/"}},{"@type":"Person","@id":"https:\/\/www.tarn.educagri.fr\/flamarens\/#\/schema\/person\/5bff1f3a6e7f4bada34a52f3ffd914c2","name":"Marie SCHMIDT","image":{"@type":"ImageObject","inLanguage":"fr-FR","@id":"https:\/\/secure.gravatar.com\/avatar\/2bd3fa8b991b0d7b5453824e1ab84c48e205472ce59b60d7a226d0606517f907?s=96&d=mm&r=g","url":"https:\/\/secure.gravatar.com\/avatar\/2bd3fa8b991b0d7b5453824e1ab84c48e205472ce59b60d7a226d0606517f907?s=96&d=mm&r=g","contentUrl":"https:\/\/secure.gravatar.com\/avatar\/2bd3fa8b991b0d7b5453824e1ab84c48e205472ce59b60d7a226d0606517f907?s=96&d=mm&r=g","caption":"Marie SCHMIDT"}}]}},"_links":{"self":[{"href":"https:\/\/www.tarn.educagri.fr\/flamarens\/wp-json\/wp\/v2\/posts\/6645","targetHints":{"allow":["GET"]}}],"collection":[{"href":"https:\/\/www.tarn.educagri.fr\/flamarens\/wp-json\/wp\/v2\/posts"}],"about":[{"href":"https:\/\/www.tarn.educagri.fr\/flamarens\/wp-json\/wp\/v2\/types\/post"}],"author":[{"embeddable":true,"href":"https:\/\/www.tarn.educagri.fr\/flamarens\/wp-json\/wp\/v2\/users\/6"}],"replies":[{"embeddable":true,"href":"https:\/\/www.tarn.educagri.fr\/flamarens\/wp-json\/wp\/v2\/comments?post=6645"}],"version-history":[{"count":10,"href":"https:\/\/www.tarn.educagri.fr\/flamarens\/wp-json\/wp\/v2\/posts\/6645\/revisions"}],"predecessor-version":[{"id":6678,"href":"https:\/\/www.tarn.educagri.fr\/flamarens\/wp-json\/wp\/v2\/posts\/6645\/revisions\/6678"}],"wp:featuredmedia":[{"embeddable":true,"href":"https:\/\/www.tarn.educagri.fr\/flamarens\/wp-json\/wp\/v2\/media\/6655"}],"wp:attachment":[{"href":"https:\/\/www.tarn.educagri.fr\/flamarens\/wp-json\/wp\/v2\/media?parent=6645"}],"wp:term":[{"taxonomy":"category","embeddable":true,"href":"https:\/\/www.tarn.educagri.fr\/flamarens\/wp-json\/wp\/v2\/categories?post=6645"},{"taxonomy":"post_tag","embeddable":true,"href":"https:\/\/www.tarn.educagri.fr\/flamarens\/wp-json\/wp\/v2\/tags?post=6645"}],"curies":[{"name":"wp","href":"https:\/\/api.w.org\/{rel}","templated":true}]}}