{"id":6783,"date":"2025-05-14T16:13:23","date_gmt":"2025-05-14T15:13:23","guid":{"rendered":"https:\/\/www.tarn.educagri.fr\/flamarens\/?p=6783"},"modified":"2025-05-14T16:26:26","modified_gmt":"2025-05-14T15:26:26","slug":"22-mai-2025-fete-de-la-nature-a-flamarens","status":"publish","type":"post","link":"https:\/\/www.tarn.educagri.fr\/flamarens\/22-mai-2025-fete-de-la-nature-a-flamarens\/","title":{"rendered":"22 mai 2025 : F\u00eate de la nature \u00e0 Flamarens"},"content":{"rendered":"\t\t<div data-elementor-type=\"wp-post\" data-elementor-id=\"6783\" class=\"elementor elementor-6783\" data-elementor-post-type=\"post\">\n\t\t\t\t\t\t<section class=\"elementor-section elementor-top-section elementor-element elementor-element-fb3185e elementor-section-boxed elementor-section-height-default elementor-section-height-default\" data-id=\"fb3185e\" data-element_type=\"section\" data-e-type=\"section\">\n\t\t\t\t\t\t<div class=\"elementor-container elementor-column-gap-default\">\n\t\t\t\t\t<div class=\"elementor-column elementor-col-100 elementor-top-column elementor-element elementor-element-8be291a\" data-id=\"8be291a\" data-element_type=\"column\" data-e-type=\"column\">\n\t\t\t<div class=\"elementor-widget-wrap elementor-element-populated\">\n\t\t\t\t\t\t<div class=\"elementor-element elementor-element-c178d31 elementor-headline--style-highlight elementor-widget elementor-widget-animated-headline\" data-id=\"c178d31\" data-element_type=\"widget\" data-e-type=\"widget\" data-settings=\"{&quot;highlighted_text&quot;:&quot;nature&quot;,&quot;headline_style&quot;:&quot;highlight&quot;,&quot;marker&quot;:&quot;circle&quot;,&quot;loop&quot;:&quot;yes&quot;,&quot;highlight_animation_duration&quot;:1200,&quot;highlight_iteration_delay&quot;:8000}\" data-widget_type=\"animated-headline.default\">\n\t\t\t\t<div class=\"elementor-widget-container\">\n\t\t\t\t\t\t\t<h3 class=\"elementor-headline\">\n\t\t\t\t\t<span class=\"elementor-headline-plain-text elementor-headline-text-wrapper\">F\u00eate de la<\/span>\n\t\t\t\t<span class=\"elementor-headline-dynamic-wrapper elementor-headline-text-wrapper\">\n\t\t\t\t\t<span class=\"elementor-headline-dynamic-text elementor-headline-text-active\">nature<\/span>\n\t\t\t\t<\/span>\n\t\t\t\t<\/h3>\n\t\t\t\t\t\t<\/div>\n\t\t\t\t<\/div>\n\t\t\t\t\t<\/div>\n\t\t<\/div>\n\t\t\t\t\t<\/div>\n\t\t<\/section>\n\t\t\t\t<section class=\"elementor-section elementor-top-section elementor-element elementor-element-94b3279 elementor-section-boxed elementor-section-height-default elementor-section-height-default\" data-id=\"94b3279\" data-element_type=\"section\" data-e-type=\"section\">\n\t\t\t\t\t\t<div class=\"elementor-container elementor-column-gap-default\">\n\t\t\t\t\t<div class=\"elementor-column elementor-col-50 elementor-top-column elementor-element elementor-element-4f9e1bd\" data-id=\"4f9e1bd\" data-element_type=\"column\" data-e-type=\"column\">\n\t\t\t<div class=\"elementor-widget-wrap elementor-element-populated\">\n\t\t\t\t\t\t<div class=\"elementor-element elementor-element-f6e220b elementor-widget elementor-widget-image\" data-id=\"f6e220b\" data-element_type=\"widget\" data-e-type=\"widget\" data-widget_type=\"image.default\">\n\t\t\t\t<div class=\"elementor-widget-container\">\n\t\t\t\t\t\t\t\t\t\t\t\t\t\t\t<img fetchpriority=\"high\" decoding=\"async\" width=\"724\" height=\"1024\" src=\"https:\/\/www.tarn.educagri.fr\/flamarens\/wp-content\/uploads\/2025\/05\/affiche-fete-de-la-nature-724x1024.png\" class=\"attachment-large size-large wp-image-6785\" alt=\"affiche fete de la nature\" srcset=\"https:\/\/www.tarn.educagri.fr\/flamarens\/wp-content\/uploads\/2025\/05\/affiche-fete-de-la-nature-724x1024.png 724w, https:\/\/www.tarn.educagri.fr\/flamarens\/wp-content\/uploads\/2025\/05\/affiche-fete-de-la-nature-212x300.png 212w, https:\/\/www.tarn.educagri.fr\/flamarens\/wp-content\/uploads\/2025\/05\/affiche-fete-de-la-nature-768x1086.png 768w, https:\/\/www.tarn.educagri.fr\/flamarens\/wp-content\/uploads\/2025\/05\/affiche-fete-de-la-nature-1086x1536.png 1086w, https:\/\/www.tarn.educagri.fr\/flamarens\/wp-content\/uploads\/2025\/05\/affiche-fete-de-la-nature-1448x2048.png 1448w, https:\/\/www.tarn.educagri.fr\/flamarens\/wp-content\/uploads\/2025\/05\/affiche-fete-de-la-nature.png 1587w\" sizes=\"(max-width: 724px) 100vw, 724px\" \/>\t\t\t\t\t\t\t\t\t\t\t\t\t\t\t<\/div>\n\t\t\t\t<\/div>\n\t\t\t\t\t<\/div>\n\t\t<\/div>\n\t\t\t\t<div class=\"elementor-column elementor-col-50 elementor-top-column elementor-element elementor-element-987f45f\" data-id=\"987f45f\" data-element_type=\"column\" data-e-type=\"column\">\n\t\t\t<div class=\"elementor-widget-wrap elementor-element-populated\">\n\t\t\t\t\t\t<div class=\"elementor-element elementor-element-03c5322 elementor-widget elementor-widget-text-editor\" data-id=\"03c5322\" data-element_type=\"widget\" data-e-type=\"widget\" data-settings=\"{&quot;motion_fx_motion_fx_mouse&quot;:&quot;yes&quot;}\" data-widget_type=\"text-editor.default\">\n\t\t\t\t<div class=\"elementor-widget-container\">\n\t\t\t\t\t\t\t\t\t<div>Apprendre autrement , au LPA de Flamarens on apprends en pratiquant et en rencontrant des professionnels, associations et sp\u00e9cialistes.<\/div><div>L&rsquo;\u00e9quipe du LPA propose une journ\u00e9e d&rsquo;ateliers \u00e0 toutes les classes pour travailler sur les th\u00e8mes de l&rsquo;eau, la biodiversit\u00e9 et la sant\u00e9 en lien avec l&rsquo;environnement.<\/div><div>Ces 3 th\u00e8mes ont \u00e9t\u00e9 plus particuli\u00e8rement \u00e9tudi\u00e9s depuis 3 ans. En effet nous avons \u00e9t\u00e9 laur\u00e9at de l&rsquo;appel \u00e0 projet \u00ab\u00a0Lyc\u00e9e \u00e0 \u00e9nergie positive\u00a0\u00bb propos\u00e9 par la r\u00e9gion qui nous a permis de financer des sorties, visites, ainsi que des interventions et du mat\u00e9riel en lien avec les th\u00e8mes abord\u00e9s.<\/div><div>La f\u00eate de la nature est la journ\u00e9e qui va cl\u00f4turer ce projet en beaut\u00e9 !<\/div>\t\t\t\t\t\t\t\t<\/div>\n\t\t\t\t<\/div>\n\t\t\t\t\t<\/div>\n\t\t<\/div>\n\t\t\t\t\t<\/div>\n\t\t<\/section>\n\t\t\t\t<section class=\"elementor-section elementor-top-section elementor-element elementor-element-2dd30dc elementor-section-boxed elementor-section-height-default elementor-section-height-default\" data-id=\"2dd30dc\" data-element_type=\"section\" data-e-type=\"section\">\n\t\t\t\t\t\t<div class=\"elementor-container elementor-column-gap-default\">\n\t\t\t\t\t<div class=\"elementor-column elementor-col-100 elementor-top-column elementor-element elementor-element-83ca7f1\" data-id=\"83ca7f1\" data-element_type=\"column\" data-e-type=\"column\">\n\t\t\t<div class=\"elementor-widget-wrap elementor-element-populated\">\n\t\t\t\t\t\t<div class=\"elementor-element elementor-element-acb65f5 elementor-widget elementor-widget-gallery\" data-id=\"acb65f5\" data-element_type=\"widget\" data-e-type=\"widget\" data-settings=\"{&quot;gallery_layout&quot;:&quot;masonry&quot;,&quot;lazyload&quot;:&quot;yes&quot;,&quot;columns&quot;:4,&quot;columns_tablet&quot;:2,&quot;columns_mobile&quot;:1,&quot;gap&quot;:{&quot;unit&quot;:&quot;px&quot;,&quot;size&quot;:10,&quot;sizes&quot;:[]},&quot;gap_tablet&quot;:{&quot;unit&quot;:&quot;px&quot;,&quot;size&quot;:10,&quot;sizes&quot;:[]},&quot;gap_mobile&quot;:{&quot;unit&quot;:&quot;px&quot;,&quot;size&quot;:10,&quot;sizes&quot;:[]},&quot;link_to&quot;:&quot;file&quot;,&quot;overlay_background&quot;:&quot;yes&quot;,&quot;content_hover_animation&quot;:&quot;fade-in&quot;}\" data-widget_type=\"gallery.default\">\n\t\t\t\t<div class=\"elementor-widget-container\">\n\t\t\t\t\t\t\t<div class=\"elementor-gallery__container\">\n\t\t\t\t\t\t\t<a class=\"e-gallery-item elementor-gallery-item elementor-animated-content\" href=\"https:\/\/www.tarn.educagri.fr\/flamarens\/wp-content\/uploads\/2025\/02\/IMG-20250123-WA0006.jpg\" data-elementor-open-lightbox=\"yes\" data-elementor-lightbox-slideshow=\"acb65f5\" data-elementor-lightbox-title=\"IMG-20250123-WA0006\" data-e-action-hash=\"#elementor-action%3Aaction%3Dlightbox%26settings%3DeyJpZCI6NjY5MSwidXJsIjoiaHR0cHM6XC9cL3d3dy50YXJuLmVkdWNhZ3JpLmZyXC9mbGFtYXJlbnNcL3dwLWNvbnRlbnRcL3VwbG9hZHNcLzIwMjVcLzAyXC9JTUctMjAyNTAxMjMtV0EwMDA2LmpwZyIsInNsaWRlc2hvdyI6ImFjYjY1ZjUifQ%3D%3D\">\n\t\t\t\t\t<div class=\"e-gallery-image elementor-gallery-item__image\" data-thumbnail=\"https:\/\/www.tarn.educagri.fr\/flamarens\/wp-content\/uploads\/2025\/02\/IMG-20250123-WA0006-300x224.jpg\" data-width=\"300\" data-height=\"224\" aria-label=\"\" role=\"img\" ><\/div>\n\t\t\t\t\t\t\t\t\t\t\t<div class=\"elementor-gallery-item__overlay\"><\/div>\n\t\t\t\t\t\t\t\t\t\t\t\t\t\t<\/a>\n\t\t\t\t\t\t\t<a class=\"e-gallery-item elementor-gallery-item elementor-animated-content\" href=\"https:\/\/www.tarn.educagri.fr\/flamarens\/wp-content\/uploads\/2025\/02\/IMG-20240206-WA0000.jpg\" data-elementor-open-lightbox=\"yes\" data-elementor-lightbox-slideshow=\"acb65f5\" data-elementor-lightbox-title=\"IMG-20240206-WA0000\" data-e-action-hash=\"#elementor-action%3Aaction%3Dlightbox%26settings%3DeyJpZCI6NjY4NiwidXJsIjoiaHR0cHM6XC9cL3d3dy50YXJuLmVkdWNhZ3JpLmZyXC9mbGFtYXJlbnNcL3dwLWNvbnRlbnRcL3VwbG9hZHNcLzIwMjVcLzAyXC9JTUctMjAyNDAyMDYtV0EwMDAwLmpwZyIsInNsaWRlc2hvdyI6ImFjYjY1ZjUifQ%3D%3D\">\n\t\t\t\t\t<div class=\"e-gallery-image elementor-gallery-item__image\" data-thumbnail=\"https:\/\/www.tarn.educagri.fr\/flamarens\/wp-content\/uploads\/2025\/02\/IMG-20240206-WA0000-300x225.jpg\" data-width=\"300\" data-height=\"225\" aria-label=\"\" role=\"img\" ><\/div>\n\t\t\t\t\t\t\t\t\t\t\t<div class=\"elementor-gallery-item__overlay\"><\/div>\n\t\t\t\t\t\t\t\t\t\t\t\t\t\t<\/a>\n\t\t\t\t\t\t\t<a class=\"e-gallery-item elementor-gallery-item elementor-animated-content\" href=\"https:\/\/www.tarn.educagri.fr\/flamarens\/wp-content\/uploads\/2025\/02\/IMG-20240112-WA0000.jpg\" data-elementor-open-lightbox=\"yes\" data-elementor-lightbox-slideshow=\"acb65f5\" data-elementor-lightbox-title=\"IMG-20240112-WA0000\" data-e-action-hash=\"#elementor-action%3Aaction%3Dlightbox%26settings%3DeyJpZCI6NjY4NCwidXJsIjoiaHR0cHM6XC9cL3d3dy50YXJuLmVkdWNhZ3JpLmZyXC9mbGFtYXJlbnNcL3dwLWNvbnRlbnRcL3VwbG9hZHNcLzIwMjVcLzAyXC9JTUctMjAyNDAxMTItV0EwMDAwLmpwZyIsInNsaWRlc2hvdyI6ImFjYjY1ZjUifQ%3D%3D\">\n\t\t\t\t\t<div class=\"e-gallery-image elementor-gallery-item__image\" data-thumbnail=\"https:\/\/www.tarn.educagri.fr\/flamarens\/wp-content\/uploads\/2025\/02\/IMG-20240112-WA0000-169x300.jpg\" data-width=\"169\" data-height=\"300\" aria-label=\"\" role=\"img\" ><\/div>\n\t\t\t\t\t\t\t\t\t\t\t<div class=\"elementor-gallery-item__overlay\"><\/div>\n\t\t\t\t\t\t\t\t\t\t\t\t\t\t<\/a>\n\t\t\t\t\t\t\t<a class=\"e-gallery-item elementor-gallery-item elementor-animated-content\" href=\"https:\/\/www.tarn.educagri.fr\/flamarens\/wp-content\/uploads\/2025\/02\/IMG-20230606-WA0004.jpg\" data-elementor-open-lightbox=\"yes\" data-elementor-lightbox-slideshow=\"acb65f5\" data-elementor-lightbox-title=\"IMG-20230606-WA0004\" data-e-action-hash=\"#elementor-action%3Aaction%3Dlightbox%26settings%3DeyJpZCI6NjY4MywidXJsIjoiaHR0cHM6XC9cL3d3dy50YXJuLmVkdWNhZ3JpLmZyXC9mbGFtYXJlbnNcL3dwLWNvbnRlbnRcL3VwbG9hZHNcLzIwMjVcLzAyXC9JTUctMjAyMzA2MDYtV0EwMDA0LmpwZyIsInNsaWRlc2hvdyI6ImFjYjY1ZjUifQ%3D%3D\">\n\t\t\t\t\t<div class=\"e-gallery-image elementor-gallery-item__image\" data-thumbnail=\"https:\/\/www.tarn.educagri.fr\/flamarens\/wp-content\/uploads\/2025\/02\/IMG-20230606-WA0004-169x300.jpg\" data-width=\"169\" data-height=\"300\" aria-label=\"\" role=\"img\" ><\/div>\n\t\t\t\t\t\t\t\t\t\t\t<div class=\"elementor-gallery-item__overlay\"><\/div>\n\t\t\t\t\t\t\t\t\t\t\t\t\t\t<\/a>\n\t\t\t\t\t\t\t<a class=\"e-gallery-item elementor-gallery-item elementor-animated-content\" href=\"https:\/\/www.tarn.educagri.fr\/flamarens\/wp-content\/uploads\/2023\/07\/IMG_20230622_090812-1-scaled.jpg\" data-elementor-open-lightbox=\"yes\" data-elementor-lightbox-slideshow=\"acb65f5\" data-elementor-lightbox-title=\"IMG_20230622_090812\" data-e-action-hash=\"#elementor-action%3Aaction%3Dlightbox%26settings%3DeyJpZCI6NjI2MiwidXJsIjoiaHR0cHM6XC9cL3d3dy50YXJuLmVkdWNhZ3JpLmZyXC9mbGFtYXJlbnNcL3dwLWNvbnRlbnRcL3VwbG9hZHNcLzIwMjNcLzA3XC9JTUdfMjAyMzA2MjJfMDkwODEyLTEtc2NhbGVkLmpwZyIsInNsaWRlc2hvdyI6ImFjYjY1ZjUifQ%3D%3D\">\n\t\t\t\t\t<div class=\"e-gallery-image elementor-gallery-item__image\" data-thumbnail=\"https:\/\/www.tarn.educagri.fr\/flamarens\/wp-content\/uploads\/2023\/07\/IMG_20230622_090812-1-226x300.jpg\" data-width=\"226\" data-height=\"300\" aria-label=\"\" role=\"img\" ><\/div>\n\t\t\t\t\t\t\t\t\t\t\t<div class=\"elementor-gallery-item__overlay\"><\/div>\n\t\t\t\t\t\t\t\t\t\t\t\t\t\t<\/a>\n\t\t\t\t\t\t\t<a class=\"e-gallery-item elementor-gallery-item elementor-animated-content\" href=\"https:\/\/www.tarn.educagri.fr\/flamarens\/wp-content\/uploads\/2025\/05\/IMG-20250207-WA0005.jpg\" data-elementor-open-lightbox=\"yes\" data-elementor-lightbox-slideshow=\"acb65f5\" data-elementor-lightbox-title=\"IMG-20250207-WA0005\" data-e-action-hash=\"#elementor-action%3Aaction%3Dlightbox%26settings%3DeyJpZCI6Njc4NywidXJsIjoiaHR0cHM6XC9cL3d3dy50YXJuLmVkdWNhZ3JpLmZyXC9mbGFtYXJlbnNcL3dwLWNvbnRlbnRcL3VwbG9hZHNcLzIwMjVcLzA1XC9JTUctMjAyNTAyMDctV0EwMDA1LmpwZyIsInNsaWRlc2hvdyI6ImFjYjY1ZjUifQ%3D%3D\">\n\t\t\t\t\t<div class=\"e-gallery-image elementor-gallery-item__image\" data-thumbnail=\"https:\/\/www.tarn.educagri.fr\/flamarens\/wp-content\/uploads\/2025\/05\/IMG-20250207-WA0005-169x300.jpg\" data-width=\"169\" data-height=\"300\" aria-label=\"\" role=\"img\" ><\/div>\n\t\t\t\t\t\t\t\t\t\t\t<div class=\"elementor-gallery-item__overlay\"><\/div>\n\t\t\t\t\t\t\t\t\t\t\t\t\t\t<\/a>\n\t\t\t\t\t\t\t<a class=\"e-gallery-item elementor-gallery-item elementor-animated-content\" href=\"https:\/\/www.tarn.educagri.fr\/flamarens\/wp-content\/uploads\/2025\/05\/IMG-20250513-WA0002.jpg\" data-elementor-open-lightbox=\"yes\" data-elementor-lightbox-slideshow=\"acb65f5\" data-elementor-lightbox-title=\"IMG-20250513-WA0002\" data-e-action-hash=\"#elementor-action%3Aaction%3Dlightbox%26settings%3DeyJpZCI6Njc4OCwidXJsIjoiaHR0cHM6XC9cL3d3dy50YXJuLmVkdWNhZ3JpLmZyXC9mbGFtYXJlbnNcL3dwLWNvbnRlbnRcL3VwbG9hZHNcLzIwMjVcLzA1XC9JTUctMjAyNTA1MTMtV0EwMDAyLmpwZyIsInNsaWRlc2hvdyI6ImFjYjY1ZjUifQ%3D%3D\">\n\t\t\t\t\t<div class=\"e-gallery-image elementor-gallery-item__image\" data-thumbnail=\"https:\/\/www.tarn.educagri.fr\/flamarens\/wp-content\/uploads\/2025\/05\/IMG-20250513-WA0002-300x169.jpg\" data-width=\"300\" data-height=\"169\" aria-label=\"\" role=\"img\" ><\/div>\n\t\t\t\t\t\t\t\t\t\t\t<div class=\"elementor-gallery-item__overlay\"><\/div>\n\t\t\t\t\t\t\t\t\t\t\t\t\t\t<\/a>\n\t\t\t\t\t\t\t<a class=\"e-gallery-item elementor-gallery-item elementor-animated-content\" href=\"https:\/\/www.tarn.educagri.fr\/flamarens\/wp-content\/uploads\/2025\/05\/IMG-20230512-WA0001.jpg\" data-elementor-open-lightbox=\"yes\" data-elementor-lightbox-slideshow=\"acb65f5\" data-elementor-lightbox-title=\"IMG-20230512-WA0001\" data-e-action-hash=\"#elementor-action%3Aaction%3Dlightbox%26settings%3DeyJpZCI6Njc4OSwidXJsIjoiaHR0cHM6XC9cL3d3dy50YXJuLmVkdWNhZ3JpLmZyXC9mbGFtYXJlbnNcL3dwLWNvbnRlbnRcL3VwbG9hZHNcLzIwMjVcLzA1XC9JTUctMjAyMzA1MTItV0EwMDAxLmpwZyIsInNsaWRlc2hvdyI6ImFjYjY1ZjUifQ%3D%3D\">\n\t\t\t\t\t<div class=\"e-gallery-image elementor-gallery-item__image\" data-thumbnail=\"https:\/\/www.tarn.educagri.fr\/flamarens\/wp-content\/uploads\/2025\/05\/IMG-20230512-WA0001-225x300.jpg\" data-width=\"225\" data-height=\"300\" aria-label=\"\" role=\"img\" ><\/div>\n\t\t\t\t\t\t\t\t\t\t\t<div class=\"elementor-gallery-item__overlay\"><\/div>\n\t\t\t\t\t\t\t\t\t\t\t\t\t\t<\/a>\n\t\t\t\t\t\t\t<a class=\"e-gallery-item elementor-gallery-item elementor-animated-content\" href=\"https:\/\/www.tarn.educagri.fr\/flamarens\/wp-content\/uploads\/2025\/05\/markup_1000004157.jpg\" data-elementor-open-lightbox=\"yes\" data-elementor-lightbox-slideshow=\"acb65f5\" data-elementor-lightbox-title=\"markup_1000004157\" data-e-action-hash=\"#elementor-action%3Aaction%3Dlightbox%26settings%3DeyJpZCI6Njc5MCwidXJsIjoiaHR0cHM6XC9cL3d3dy50YXJuLmVkdWNhZ3JpLmZyXC9mbGFtYXJlbnNcL3dwLWNvbnRlbnRcL3VwbG9hZHNcLzIwMjVcLzA1XC9tYXJrdXBfMTAwMDAwNDE1Ny5qcGciLCJzbGlkZXNob3ciOiJhY2I2NWY1In0%3D\">\n\t\t\t\t\t<div class=\"e-gallery-image elementor-gallery-item__image\" data-thumbnail=\"https:\/\/www.tarn.educagri.fr\/flamarens\/wp-content\/uploads\/2025\/05\/markup_1000004157-300x277.jpg\" data-width=\"300\" data-height=\"277\" aria-label=\"\" role=\"img\" ><\/div>\n\t\t\t\t\t\t\t\t\t\t\t<div class=\"elementor-gallery-item__overlay\"><\/div>\n\t\t\t\t\t\t\t\t\t\t\t\t\t\t<\/a>\n\t\t\t\t\t<\/div>\n\t\t\t\t\t<\/div>\n\t\t\t\t<\/div>\n\t\t\t\t\t<\/div>\n\t\t<\/div>\n\t\t\t\t\t<\/div>\n\t\t<\/section>\n\t\t\t\t<\/div>\n\t\t","protected":false},"excerpt":{"rendered":"<p>F\u00eate de la nature Apprendre autrement , au LPA de Flamarens on apprends en pratiquant et en rencontrant des professionnels, associations et sp\u00e9cialistes.L&rsquo;\u00e9quipe du LPA&hellip;<\/p>\n","protected":false},"author":6,"featured_media":6785,"comment_status":"closed","ping_status":"closed","sticky":false,"template":"","format":"standard","meta":{"footnotes":""},"categories":[1],"tags":[],"class_list":["post-6783","post","type-post","status-publish","format-standard","has-post-thumbnail","hentry","category-non-classe"],"yoast_head":"<!-- This site is optimized with the Yoast SEO plugin v27.3 - https:\/\/yoast.com\/product\/yoast-seo-wordpress\/ -->\n<title>22 mai 2025 : F\u00eate de la nature \u00e0 Flamarens - Lyc\u00e9e Flamarens Lavaur<\/title>\n<meta name=\"robots\" content=\"index, follow, max-snippet:-1, max-image-preview:large, max-video-preview:-1\" \/>\n<link rel=\"canonical\" href=\"https:\/\/www.tarn.educagri.fr\/flamarens\/22-mai-2025-fete-de-la-nature-a-flamarens\/\" \/>\n<meta property=\"og:locale\" content=\"fr_FR\" \/>\n<meta property=\"og:type\" content=\"article\" \/>\n<meta property=\"og:title\" content=\"22 mai 2025 : F\u00eate de la nature \u00e0 Flamarens - Lyc\u00e9e Flamarens Lavaur\" \/>\n<meta property=\"og:description\" content=\"F\u00eate de la nature Apprendre autrement , au LPA de Flamarens on apprends en pratiquant et en rencontrant des professionnels, associations et sp\u00e9cialistes.L&rsquo;\u00e9quipe du LPA&hellip;\" \/>\n<meta property=\"og:url\" content=\"https:\/\/www.tarn.educagri.fr\/flamarens\/22-mai-2025-fete-de-la-nature-a-flamarens\/\" \/>\n<meta property=\"og:site_name\" content=\"Lyc\u00e9e Flamarens Lavaur\" \/>\n<meta property=\"article:published_time\" content=\"2025-05-14T15:13:23+00:00\" \/>\n<meta property=\"article:modified_time\" content=\"2025-05-14T15:26:26+00:00\" \/>\n<meta property=\"og:image\" content=\"https:\/\/www.tarn.educagri.fr\/flamarens\/wp-content\/uploads\/2025\/05\/affiche-fete-de-la-nature.png\" \/>\n\t<meta property=\"og:image:width\" content=\"1587\" \/>\n\t<meta property=\"og:image:height\" content=\"2245\" \/>\n\t<meta property=\"og:image:type\" content=\"image\/png\" \/>\n<meta name=\"author\" content=\"Marie SCHMIDT\" \/>\n<meta name=\"twitter:card\" content=\"summary_large_image\" \/>\n<meta name=\"twitter:label1\" content=\"\u00c9crit par\" \/>\n\t<meta name=\"twitter:data1\" content=\"Marie SCHMIDT\" \/>\n\t<meta name=\"twitter:label2\" content=\"Dur\u00e9e de lecture estim\u00e9e\" \/>\n\t<meta name=\"twitter:data2\" content=\"1 minute\" \/>\n<script type=\"application\/ld+json\" class=\"yoast-schema-graph\">{\"@context\":\"https:\\\/\\\/schema.org\",\"@graph\":[{\"@type\":\"Article\",\"@id\":\"https:\\\/\\\/www.tarn.educagri.fr\\\/flamarens\\\/22-mai-2025-fete-de-la-nature-a-flamarens\\\/#article\",\"isPartOf\":{\"@id\":\"https:\\\/\\\/www.tarn.educagri.fr\\\/flamarens\\\/22-mai-2025-fete-de-la-nature-a-flamarens\\\/\"},\"author\":{\"name\":\"Marie SCHMIDT\",\"@id\":\"https:\\\/\\\/www.tarn.educagri.fr\\\/flamarens\\\/#\\\/schema\\\/person\\\/5bff1f3a6e7f4bada34a52f3ffd914c2\"},\"headline\":\"22 mai 2025 : F\u00eate de la nature \u00e0 Flamarens\",\"datePublished\":\"2025-05-14T15:13:23+00:00\",\"dateModified\":\"2025-05-14T15:26:26+00:00\",\"mainEntityOfPage\":{\"@id\":\"https:\\\/\\\/www.tarn.educagri.fr\\\/flamarens\\\/22-mai-2025-fete-de-la-nature-a-flamarens\\\/\"},\"wordCount\":138,\"publisher\":{\"@id\":\"https:\\\/\\\/www.tarn.educagri.fr\\\/flamarens\\\/#organization\"},\"image\":{\"@id\":\"https:\\\/\\\/www.tarn.educagri.fr\\\/flamarens\\\/22-mai-2025-fete-de-la-nature-a-flamarens\\\/#primaryimage\"},\"thumbnailUrl\":\"https:\\\/\\\/www.tarn.educagri.fr\\\/flamarens\\\/wp-content\\\/uploads\\\/2025\\\/05\\\/affiche-fete-de-la-nature.png\",\"inLanguage\":\"fr-FR\"},{\"@type\":\"WebPage\",\"@id\":\"https:\\\/\\\/www.tarn.educagri.fr\\\/flamarens\\\/22-mai-2025-fete-de-la-nature-a-flamarens\\\/\",\"url\":\"https:\\\/\\\/www.tarn.educagri.fr\\\/flamarens\\\/22-mai-2025-fete-de-la-nature-a-flamarens\\\/\",\"name\":\"22 mai 2025 : F\u00eate de la nature \u00e0 Flamarens - Lyc\u00e9e Flamarens Lavaur\",\"isPartOf\":{\"@id\":\"https:\\\/\\\/www.tarn.educagri.fr\\\/flamarens\\\/#website\"},\"primaryImageOfPage\":{\"@id\":\"https:\\\/\\\/www.tarn.educagri.fr\\\/flamarens\\\/22-mai-2025-fete-de-la-nature-a-flamarens\\\/#primaryimage\"},\"image\":{\"@id\":\"https:\\\/\\\/www.tarn.educagri.fr\\\/flamarens\\\/22-mai-2025-fete-de-la-nature-a-flamarens\\\/#primaryimage\"},\"thumbnailUrl\":\"https:\\\/\\\/www.tarn.educagri.fr\\\/flamarens\\\/wp-content\\\/uploads\\\/2025\\\/05\\\/affiche-fete-de-la-nature.png\",\"datePublished\":\"2025-05-14T15:13:23+00:00\",\"dateModified\":\"2025-05-14T15:26:26+00:00\",\"breadcrumb\":{\"@id\":\"https:\\\/\\\/www.tarn.educagri.fr\\\/flamarens\\\/22-mai-2025-fete-de-la-nature-a-flamarens\\\/#breadcrumb\"},\"inLanguage\":\"fr-FR\",\"potentialAction\":[{\"@type\":\"ReadAction\",\"target\":[\"https:\\\/\\\/www.tarn.educagri.fr\\\/flamarens\\\/22-mai-2025-fete-de-la-nature-a-flamarens\\\/\"]}]},{\"@type\":\"ImageObject\",\"inLanguage\":\"fr-FR\",\"@id\":\"https:\\\/\\\/www.tarn.educagri.fr\\\/flamarens\\\/22-mai-2025-fete-de-la-nature-a-flamarens\\\/#primaryimage\",\"url\":\"https:\\\/\\\/www.tarn.educagri.fr\\\/flamarens\\\/wp-content\\\/uploads\\\/2025\\\/05\\\/affiche-fete-de-la-nature.png\",\"contentUrl\":\"https:\\\/\\\/www.tarn.educagri.fr\\\/flamarens\\\/wp-content\\\/uploads\\\/2025\\\/05\\\/affiche-fete-de-la-nature.png\",\"width\":1587,\"height\":2245,\"caption\":\"affiche fete de la nature\"},{\"@type\":\"BreadcrumbList\",\"@id\":\"https:\\\/\\\/www.tarn.educagri.fr\\\/flamarens\\\/22-mai-2025-fete-de-la-nature-a-flamarens\\\/#breadcrumb\",\"itemListElement\":[{\"@type\":\"ListItem\",\"position\":1,\"name\":\"Accueil\",\"item\":\"https:\\\/\\\/www.tarn.educagri.fr\\\/flamarens\\\/\"},{\"@type\":\"ListItem\",\"position\":2,\"name\":\"22 mai 2025 : F\u00eate de la nature \u00e0 Flamarens\"}]},{\"@type\":\"WebSite\",\"@id\":\"https:\\\/\\\/www.tarn.educagri.fr\\\/flamarens\\\/#website\",\"url\":\"https:\\\/\\\/www.tarn.educagri.fr\\\/flamarens\\\/\",\"name\":\"Lyc\u00e9e Flamarens Lavaur\",\"description\":\"Le campus des possibles\",\"publisher\":{\"@id\":\"https:\\\/\\\/www.tarn.educagri.fr\\\/flamarens\\\/#organization\"},\"potentialAction\":[{\"@type\":\"SearchAction\",\"target\":{\"@type\":\"EntryPoint\",\"urlTemplate\":\"https:\\\/\\\/www.tarn.educagri.fr\\\/flamarens\\\/?s={search_term_string}\"},\"query-input\":{\"@type\":\"PropertyValueSpecification\",\"valueRequired\":true,\"valueName\":\"search_term_string\"}}],\"inLanguage\":\"fr-FR\"},{\"@type\":\"Organization\",\"@id\":\"https:\\\/\\\/www.tarn.educagri.fr\\\/flamarens\\\/#organization\",\"name\":\"Etablissement agro environnemental du Tarn\",\"url\":\"https:\\\/\\\/www.tarn.educagri.fr\\\/flamarens\\\/\",\"logo\":{\"@type\":\"ImageObject\",\"inLanguage\":\"fr-FR\",\"@id\":\"https:\\\/\\\/www.tarn.educagri.fr\\\/flamarens\\\/#\\\/schema\\\/logo\\\/image\\\/\",\"url\":\"https:\\\/\\\/www.tarn.educagri.fr\\\/flamarens\\\/wp-content\\\/uploads\\\/2018\\\/05\\\/logo-EPl.jpg\",\"contentUrl\":\"https:\\\/\\\/www.tarn.educagri.fr\\\/flamarens\\\/wp-content\\\/uploads\\\/2018\\\/05\\\/logo-EPl.jpg\",\"width\":624,\"height\":624,\"caption\":\"Etablissement agro environnemental du Tarn\"},\"image\":{\"@id\":\"https:\\\/\\\/www.tarn.educagri.fr\\\/flamarens\\\/#\\\/schema\\\/logo\\\/image\\\/\"}},{\"@type\":\"Person\",\"@id\":\"https:\\\/\\\/www.tarn.educagri.fr\\\/flamarens\\\/#\\\/schema\\\/person\\\/5bff1f3a6e7f4bada34a52f3ffd914c2\",\"name\":\"Marie SCHMIDT\",\"image\":{\"@type\":\"ImageObject\",\"inLanguage\":\"fr-FR\",\"@id\":\"https:\\\/\\\/secure.gravatar.com\\\/avatar\\\/2bd3fa8b991b0d7b5453824e1ab84c48e205472ce59b60d7a226d0606517f907?s=96&d=mm&r=g\",\"url\":\"https:\\\/\\\/secure.gravatar.com\\\/avatar\\\/2bd3fa8b991b0d7b5453824e1ab84c48e205472ce59b60d7a226d0606517f907?s=96&d=mm&r=g\",\"contentUrl\":\"https:\\\/\\\/secure.gravatar.com\\\/avatar\\\/2bd3fa8b991b0d7b5453824e1ab84c48e205472ce59b60d7a226d0606517f907?s=96&d=mm&r=g\",\"caption\":\"Marie SCHMIDT\"}}]}<\/script>\n<!-- \/ Yoast SEO plugin. -->","yoast_head_json":{"title":"22 mai 2025 : F\u00eate de la nature \u00e0 Flamarens - Lyc\u00e9e Flamarens Lavaur","robots":{"index":"index","follow":"follow","max-snippet":"max-snippet:-1","max-image-preview":"max-image-preview:large","max-video-preview":"max-video-preview:-1"},"canonical":"https:\/\/www.tarn.educagri.fr\/flamarens\/22-mai-2025-fete-de-la-nature-a-flamarens\/","og_locale":"fr_FR","og_type":"article","og_title":"22 mai 2025 : F\u00eate de la nature \u00e0 Flamarens - Lyc\u00e9e Flamarens Lavaur","og_description":"F\u00eate de la nature Apprendre autrement , au LPA de Flamarens on apprends en pratiquant et en rencontrant des professionnels, associations et sp\u00e9cialistes.L&rsquo;\u00e9quipe du LPA&hellip;","og_url":"https:\/\/www.tarn.educagri.fr\/flamarens\/22-mai-2025-fete-de-la-nature-a-flamarens\/","og_site_name":"Lyc\u00e9e Flamarens Lavaur","article_published_time":"2025-05-14T15:13:23+00:00","article_modified_time":"2025-05-14T15:26:26+00:00","og_image":[{"width":1587,"height":2245,"url":"https:\/\/www.tarn.educagri.fr\/flamarens\/wp-content\/uploads\/2025\/05\/affiche-fete-de-la-nature.png","type":"image\/png"}],"author":"Marie SCHMIDT","twitter_card":"summary_large_image","twitter_misc":{"\u00c9crit par":"Marie SCHMIDT","Dur\u00e9e de lecture estim\u00e9e":"1 minute"},"schema":{"@context":"https:\/\/schema.org","@graph":[{"@type":"Article","@id":"https:\/\/www.tarn.educagri.fr\/flamarens\/22-mai-2025-fete-de-la-nature-a-flamarens\/#article","isPartOf":{"@id":"https:\/\/www.tarn.educagri.fr\/flamarens\/22-mai-2025-fete-de-la-nature-a-flamarens\/"},"author":{"name":"Marie SCHMIDT","@id":"https:\/\/www.tarn.educagri.fr\/flamarens\/#\/schema\/person\/5bff1f3a6e7f4bada34a52f3ffd914c2"},"headline":"22 mai 2025 : F\u00eate de la nature \u00e0 Flamarens","datePublished":"2025-05-14T15:13:23+00:00","dateModified":"2025-05-14T15:26:26+00:00","mainEntityOfPage":{"@id":"https:\/\/www.tarn.educagri.fr\/flamarens\/22-mai-2025-fete-de-la-nature-a-flamarens\/"},"wordCount":138,"publisher":{"@id":"https:\/\/www.tarn.educagri.fr\/flamarens\/#organization"},"image":{"@id":"https:\/\/www.tarn.educagri.fr\/flamarens\/22-mai-2025-fete-de-la-nature-a-flamarens\/#primaryimage"},"thumbnailUrl":"https:\/\/www.tarn.educagri.fr\/flamarens\/wp-content\/uploads\/2025\/05\/affiche-fete-de-la-nature.png","inLanguage":"fr-FR"},{"@type":"WebPage","@id":"https:\/\/www.tarn.educagri.fr\/flamarens\/22-mai-2025-fete-de-la-nature-a-flamarens\/","url":"https:\/\/www.tarn.educagri.fr\/flamarens\/22-mai-2025-fete-de-la-nature-a-flamarens\/","name":"22 mai 2025 : F\u00eate de la nature \u00e0 Flamarens - Lyc\u00e9e Flamarens Lavaur","isPartOf":{"@id":"https:\/\/www.tarn.educagri.fr\/flamarens\/#website"},"primaryImageOfPage":{"@id":"https:\/\/www.tarn.educagri.fr\/flamarens\/22-mai-2025-fete-de-la-nature-a-flamarens\/#primaryimage"},"image":{"@id":"https:\/\/www.tarn.educagri.fr\/flamarens\/22-mai-2025-fete-de-la-nature-a-flamarens\/#primaryimage"},"thumbnailUrl":"https:\/\/www.tarn.educagri.fr\/flamarens\/wp-content\/uploads\/2025\/05\/affiche-fete-de-la-nature.png","datePublished":"2025-05-14T15:13:23+00:00","dateModified":"2025-05-14T15:26:26+00:00","breadcrumb":{"@id":"https:\/\/www.tarn.educagri.fr\/flamarens\/22-mai-2025-fete-de-la-nature-a-flamarens\/#breadcrumb"},"inLanguage":"fr-FR","potentialAction":[{"@type":"ReadAction","target":["https:\/\/www.tarn.educagri.fr\/flamarens\/22-mai-2025-fete-de-la-nature-a-flamarens\/"]}]},{"@type":"ImageObject","inLanguage":"fr-FR","@id":"https:\/\/www.tarn.educagri.fr\/flamarens\/22-mai-2025-fete-de-la-nature-a-flamarens\/#primaryimage","url":"https:\/\/www.tarn.educagri.fr\/flamarens\/wp-content\/uploads\/2025\/05\/affiche-fete-de-la-nature.png","contentUrl":"https:\/\/www.tarn.educagri.fr\/flamarens\/wp-content\/uploads\/2025\/05\/affiche-fete-de-la-nature.png","width":1587,"height":2245,"caption":"affiche fete de la nature"},{"@type":"BreadcrumbList","@id":"https:\/\/www.tarn.educagri.fr\/flamarens\/22-mai-2025-fete-de-la-nature-a-flamarens\/#breadcrumb","itemListElement":[{"@type":"ListItem","position":1,"name":"Accueil","item":"https:\/\/www.tarn.educagri.fr\/flamarens\/"},{"@type":"ListItem","position":2,"name":"22 mai 2025 : F\u00eate de la nature \u00e0 Flamarens"}]},{"@type":"WebSite","@id":"https:\/\/www.tarn.educagri.fr\/flamarens\/#website","url":"https:\/\/www.tarn.educagri.fr\/flamarens\/","name":"Lyc\u00e9e Flamarens Lavaur","description":"Le campus des possibles","publisher":{"@id":"https:\/\/www.tarn.educagri.fr\/flamarens\/#organization"},"potentialAction":[{"@type":"SearchAction","target":{"@type":"EntryPoint","urlTemplate":"https:\/\/www.tarn.educagri.fr\/flamarens\/?s={search_term_string}"},"query-input":{"@type":"PropertyValueSpecification","valueRequired":true,"valueName":"search_term_string"}}],"inLanguage":"fr-FR"},{"@type":"Organization","@id":"https:\/\/www.tarn.educagri.fr\/flamarens\/#organization","name":"Etablissement agro environnemental du Tarn","url":"https:\/\/www.tarn.educagri.fr\/flamarens\/","logo":{"@type":"ImageObject","inLanguage":"fr-FR","@id":"https:\/\/www.tarn.educagri.fr\/flamarens\/#\/schema\/logo\/image\/","url":"https:\/\/www.tarn.educagri.fr\/flamarens\/wp-content\/uploads\/2018\/05\/logo-EPl.jpg","contentUrl":"https:\/\/www.tarn.educagri.fr\/flamarens\/wp-content\/uploads\/2018\/05\/logo-EPl.jpg","width":624,"height":624,"caption":"Etablissement agro environnemental du Tarn"},"image":{"@id":"https:\/\/www.tarn.educagri.fr\/flamarens\/#\/schema\/logo\/image\/"}},{"@type":"Person","@id":"https:\/\/www.tarn.educagri.fr\/flamarens\/#\/schema\/person\/5bff1f3a6e7f4bada34a52f3ffd914c2","name":"Marie SCHMIDT","image":{"@type":"ImageObject","inLanguage":"fr-FR","@id":"https:\/\/secure.gravatar.com\/avatar\/2bd3fa8b991b0d7b5453824e1ab84c48e205472ce59b60d7a226d0606517f907?s=96&d=mm&r=g","url":"https:\/\/secure.gravatar.com\/avatar\/2bd3fa8b991b0d7b5453824e1ab84c48e205472ce59b60d7a226d0606517f907?s=96&d=mm&r=g","contentUrl":"https:\/\/secure.gravatar.com\/avatar\/2bd3fa8b991b0d7b5453824e1ab84c48e205472ce59b60d7a226d0606517f907?s=96&d=mm&r=g","caption":"Marie SCHMIDT"}}]}},"_links":{"self":[{"href":"https:\/\/www.tarn.educagri.fr\/flamarens\/wp-json\/wp\/v2\/posts\/6783","targetHints":{"allow":["GET"]}}],"collection":[{"href":"https:\/\/www.tarn.educagri.fr\/flamarens\/wp-json\/wp\/v2\/posts"}],"about":[{"href":"https:\/\/www.tarn.educagri.fr\/flamarens\/wp-json\/wp\/v2\/types\/post"}],"author":[{"embeddable":true,"href":"https:\/\/www.tarn.educagri.fr\/flamarens\/wp-json\/wp\/v2\/users\/6"}],"replies":[{"embeddable":true,"href":"https:\/\/www.tarn.educagri.fr\/flamarens\/wp-json\/wp\/v2\/comments?post=6783"}],"version-history":[{"count":5,"href":"https:\/\/www.tarn.educagri.fr\/flamarens\/wp-json\/wp\/v2\/posts\/6783\/revisions"}],"predecessor-version":[{"id":6794,"href":"https:\/\/www.tarn.educagri.fr\/flamarens\/wp-json\/wp\/v2\/posts\/6783\/revisions\/6794"}],"wp:featuredmedia":[{"embeddable":true,"href":"https:\/\/www.tarn.educagri.fr\/flamarens\/wp-json\/wp\/v2\/media\/6785"}],"wp:attachment":[{"href":"https:\/\/www.tarn.educagri.fr\/flamarens\/wp-json\/wp\/v2\/media?parent=6783"}],"wp:term":[{"taxonomy":"category","embeddable":true,"href":"https:\/\/www.tarn.educagri.fr\/flamarens\/wp-json\/wp\/v2\/categories?post=6783"},{"taxonomy":"post_tag","embeddable":true,"href":"https:\/\/www.tarn.educagri.fr\/flamarens\/wp-json\/wp\/v2\/tags?post=6783"}],"curies":[{"name":"wp","href":"https:\/\/api.w.org\/{rel}","templated":true}]}}